{"id":14112,"date":"2018-03-07T15:49:54","date_gmt":"2018-03-07T18:49:54","guid":{"rendered":"http:\/\/www.rincondelbulla.cl\/portal\/?p=14112"},"modified":"2018-03-07T15:55:07","modified_gmt":"2018-03-07T18:55:07","slug":"soteldo-todos-sabemos-que-podemos-ganar-la-copa","status":"publish","type":"post","link":"http:\/\/www.rincondelbulla.cl\/portal\/2018\/03\/07\/soteldo-todos-sabemos-que-podemos-ganar-la-copa\/","title":{"rendered":"Soteldo: \u00abTodos sabemos que podemos ganar la copa\u00bb"},"content":{"rendered":"<figure id=\"attachment_14113\" aria-describedby=\"caption-attachment-14113\" style=\"width: 1151px\" class=\"wp-caption aligncenter\"><img loading=\"lazy\" decoding=\"async\" class=\"wp-image-14113 size-full\" src=\"http:\/\/www.rincondelbulla.cl\/portal\/wp-content\/uploads\/2018\/03\/Cooper-Porton.jpg\" alt=\"\" width=\"1151\" height=\"700\" srcset=\"http:\/\/www.rincondelbulla.cl\/portal\/wp-content\/uploads\/2018\/03\/Cooper-Porton.jpg 1151w, http:\/\/www.rincondelbulla.cl\/portal\/wp-content\/uploads\/2018\/03\/Cooper-Porton-300x182.jpg 300w, http:\/\/www.rincondelbulla.cl\/portal\/wp-content\/uploads\/2018\/03\/Cooper-Porton-768x467.jpg 768w, http:\/\/www.rincondelbulla.cl\/portal\/wp-content\/uploads\/2018\/03\/Cooper-Porton-696x423.jpg 696w, http:\/\/www.rincondelbulla.cl\/portal\/wp-content\/uploads\/2018\/03\/Cooper-Porton-1068x650.jpg 1068w, http:\/\/www.rincondelbulla.cl\/portal\/wp-content\/uploads\/2018\/03\/Cooper-Porton-691x420.jpg 691w\" sizes=\"auto, (max-width: 1151px) 100vw, 1151px\" \/><figcaption id=\"caption-attachment-14113\" class=\"wp-caption-text\">Fotograf\u00ecas: Romina Mart\u00ednez<\/figcaption><\/figure>\n<p><strong>Universidad de Chile entren\u00f3 a puertas cerradas esta jornadas y tras el trabajo con Guillermo Hoyos conversaron Cooper y Soteldo en el port\u00f3n.<\/strong><\/p>\n<p>Soteldo convers\u00f3 con los medios, sobre la Copa Libertadores que jugar\u00e1n el martes ante Vasco:\u00a0\u00abTenemos equipo para pelear la copa, para ganarla.\u00a0Creo que los jugadores y t\u00e9cnicos estamos preparados para ese partido, queda afinar los detalles y llegar con la mente muy fresca\u00bb.<\/p>\n<p>El chamo, est\u00e1 convencido de que la U puede hacer una gran Libertadores \u00abDe mi persona, hasta el utilero, el\u00a0<em>profe<\/em>, la presidencia, todos sabemos que podemos ganar la copa\u00bb.<\/p>\n<audio class=\"wp-audio-shortcode\" id=\"audio-14112-1\" preload=\"none\" style=\"width: 100%;\" controls=\"controls\"><source type=\"audio\/mpeg\" src=\"http:\/\/www.rincondelbulla.cl\/portal\/wp-content\/uploads\/2018\/03\/UCH-Soteldo-Copa-Libertadores-Turno-port\u00f3n.mp3?_=1\" \/><a href=\"http:\/\/www.rincondelbulla.cl\/portal\/wp-content\/uploads\/2018\/03\/UCH-Soteldo-Copa-Libertadores-Turno-port\u00f3n.mp3\">http:\/\/www.rincondelbulla.cl\/portal\/wp-content\/uploads\/2018\/03\/UCH-Soteldo-Copa-Libertadores-Turno-port\u00f3n.mp3<\/a><\/audio>\n<p>Por su parte Armando Cooper dijo que\u00a0\u00abEstoy trabajando con el profe Hoyos, \u00e9l sabr\u00e1 el momento en que me podr\u00e1 utilizar, sigo haciendo de la mejor manera\u00bb.<\/p>\n<audio class=\"wp-audio-shortcode\" id=\"audio-14112-2\" preload=\"none\" style=\"width: 100%;\" controls=\"controls\"><source type=\"audio\/mpeg\" src=\"http:\/\/www.rincondelbulla.cl\/portal\/wp-content\/uploads\/2018\/03\/uch-COOPER-EL-TRABAJO-FISICO.mp3?_=2\" \/><a href=\"http:\/\/www.rincondelbulla.cl\/portal\/wp-content\/uploads\/2018\/03\/uch-COOPER-EL-TRABAJO-FISICO.mp3\">http:\/\/www.rincondelbulla.cl\/portal\/wp-content\/uploads\/2018\/03\/uch-COOPER-EL-TRABAJO-FISICO.mp3<\/a><\/audio>\n<p>Respecto a su llamado a la selecci\u00f3n \u00abPara mi a ser lindo, la primera vez que Panam\u00e1 va a un mundial, va a ser un orgullo para mi y voy a tratar de dejar todo en la cancha\u00bb.<\/p>\n<p><em>Audios: Cristian Tejo \/ Radio Portales<\/em><\/p>\n<p>&nbsp;<\/p>\n","protected":false},"excerpt":{"rendered":"<p>Universidad de Chile entren\u00f3 a puertas cerradas esta jornadas y tras el trabajo con Guillermo Hoyos conversaron Cooper y Soteldo en el port\u00f3n. Soteldo convers\u00f3 con los medios, sobre la Copa Libertadores que jugar\u00e1n el martes ante Vasco:\u00a0\u00abTenemos equipo para pelear la copa, para ganarla.\u00a0Creo que los jugadores y t\u00e9cnicos estamos preparados para ese partido, [&#8230;]<\/p>\n","protected":false},"author":21395,"featured_media":14113,"comment_status":"closed","ping_status":"open","sticky":false,"template":"","format":"standard","meta":{"footnotes":""},"categories":[18],"tags":[454,1364,1116,156,1341],"class_list":{"0":"post-14112","1":"post","2":"type-post","3":"status-publish","4":"format-standard","5":"has-post-thumbnail","7":"category-actualidad","8":"tag-actualidad","9":"tag-armando-cooper","10":"tag-cuadro-magico","11":"tag-universidad-de-chile","12":"tag-yeferson-soteldo"},"_links":{"self":[{"href":"http:\/\/www.rincondelbulla.cl\/portal\/wp-json\/wp\/v2\/posts\/14112","targetHints":{"allow":["GET"]}}],"collection":[{"href":"http:\/\/www.rincondelbulla.cl\/portal\/wp-json\/wp\/v2\/posts"}],"about":[{"href":"http:\/\/www.rincondelbulla.cl\/portal\/wp-json\/wp\/v2\/types\/post"}],"author":[{"embeddable":true,"href":"http:\/\/www.rincondelbulla.cl\/portal\/wp-json\/wp\/v2\/users\/21395"}],"replies":[{"embeddable":true,"href":"http:\/\/www.rincondelbulla.cl\/portal\/wp-json\/wp\/v2\/comments?post=14112"}],"version-history":[{"count":4,"href":"http:\/\/www.rincondelbulla.cl\/portal\/wp-json\/wp\/v2\/posts\/14112\/revisions"}],"predecessor-version":[{"id":14119,"href":"http:\/\/www.rincondelbulla.cl\/portal\/wp-json\/wp\/v2\/posts\/14112\/revisions\/14119"}],"wp:featuredmedia":[{"embeddable":true,"href":"http:\/\/www.rincondelbulla.cl\/portal\/wp-json\/wp\/v2\/media\/14113"}],"wp:attachment":[{"href":"http:\/\/www.rincondelbulla.cl\/portal\/wp-json\/wp\/v2\/media?parent=14112"}],"wp:term":[{"taxonomy":"category","embeddable":true,"href":"http:\/\/www.rincondelbulla.cl\/portal\/wp-json\/wp\/v2\/categories?post=14112"},{"taxonomy":"post_tag","embeddable":true,"href":"http:\/\/www.rincondelbulla.cl\/portal\/wp-json\/wp\/v2\/tags?post=14112"}],"curies":[{"name":"wp","href":"https:\/\/api.w.org\/{rel}","templated":true}]}}