{"id":14133,"date":"2018-03-10T13:16:28","date_gmt":"2018-03-10T16:16:28","guid":{"rendered":"http:\/\/www.rincondelbulla.cl\/portal\/?p=14133"},"modified":"2018-03-10T13:16:28","modified_gmt":"2018-03-10T16:16:28","slug":"pizarro-y-la-libertadores-hay-plantel-para-ilusionarse","status":"publish","type":"post","link":"http:\/\/www.rincondelbulla.cl\/portal\/2018\/03\/10\/pizarro-y-la-libertadores-hay-plantel-para-ilusionarse\/","title":{"rendered":"Pizarro y la Libertadores: \u00abHay plantel para ilusionarse\u00bb"},"content":{"rendered":"<p><img loading=\"lazy\" decoding=\"async\" class=\"alignleft size-full wp-image-13811\" src=\"http:\/\/www.rincondelbulla.cl\/portal\/wp-content\/uploads\/2018\/02\/Pizarro.jpg\" alt=\"\" width=\"1200\" height=\"675\" srcset=\"http:\/\/www.rincondelbulla.cl\/portal\/wp-content\/uploads\/2018\/02\/Pizarro.jpg 1200w, http:\/\/www.rincondelbulla.cl\/portal\/wp-content\/uploads\/2018\/02\/Pizarro-300x169.jpg 300w, http:\/\/www.rincondelbulla.cl\/portal\/wp-content\/uploads\/2018\/02\/Pizarro-768x432.jpg 768w, http:\/\/www.rincondelbulla.cl\/portal\/wp-content\/uploads\/2018\/02\/Pizarro-696x392.jpg 696w, http:\/\/www.rincondelbulla.cl\/portal\/wp-content\/uploads\/2018\/02\/Pizarro-1068x601.jpg 1068w, http:\/\/www.rincondelbulla.cl\/portal\/wp-content\/uploads\/2018\/02\/Pizarro-747x420.jpg 747w\" sizes=\"auto, (max-width: 1200px) 100vw, 1200px\" \/><\/p>\n<p><strong>David Pizarro acus\u00f3 a la falta de disciplina y de car\u00e1cter a la hora de comentar el opaco desempe\u00f1o de los equipos chilenos en los torneos internacionales en los \u00faltimos a\u00f1os.\u00a0<\/strong><\/p>\n<p>S\u00f3lo quedan con vida Colo Colo y los azules en la Libertadores, adem\u00e1s de Audax Italiano y Deportes Temuco, que a\u00fan no debutan por la primera ronda de la Sudamericana.<\/p>\n<p>Frente al pobre registro del f\u00fatbol chileno en las competencias internacionales, Pizarro declar\u00f3 en di\u00e1logo con CDF Noticias que \u00absin disciplina y sin car\u00e1cter se consiguen muy pocos resultados. Y viendo estos dos o casi tres a\u00f1os que he estado ac\u00e1, creo que pasa eso, falta car\u00e1cter para poder afrontar este tipo de competiciones. M\u00e1s que lo futbol\u00edstico, estamos tratando el ir a afrontar esta competici\u00f3n como se debe, con car\u00e1cter para poder retomar lo que un d\u00eda fue nuestro f\u00fatbol\u00bb.<\/p>\n<p>Consultado por las opciones de Universidad de Chile en la Libertadores, el \u2018Fantasista\u2019 indic\u00f3 que \u00abobjetivamente, por lo que yo veo hay plantel para ilusionarse, para hacer cosas importantes. Una cosa es el plano nacional y otro el internacional donde nuestro f\u00fatbol est\u00e1 al debe, y eso lo tenemos muy claro. En la medida en que tengas una identidad de juego, le vas a poder competir a equipos muchos m\u00e1s avezados que la \u2018U\u2019\u00bb.<\/p>\n<p>Incluso, el formado en Santiago Wanderers y ex Fiorentina aclar\u00f3 que el cuadro de \u00c1ngel Guillermo Hoyos \u201cha mejorado mucho (respecto al 2017). Sacando el partido de la primera fecha con Uni\u00f3n Espa\u00f1ola, el resto ha sido una \u2018U\u2019 protagonista con buen trato de bal\u00f3n, por la calidad del plantel se deb\u00eda jugar de esta manera\u00bb.<\/p>\n<p>Por \u00faltimo, ante la posibilidad de ser llamado a sus 38 a\u00f1os al proceso de Reinaldo Rueda en la &#8216;Roja&#8217;, Pizarro dijo que \u00abm\u00e1s que vestido de corto, quiz\u00e1s con un buzo. Me gusta la parte formativa y me voy a preparar para aportarle a mi pa\u00eds\u00bb.<\/p>\n","protected":false},"excerpt":{"rendered":"<p>David Pizarro acus\u00f3 a la falta de disciplina y de car\u00e1cter a la hora de comentar el opaco desempe\u00f1o de los equipos chilenos en los torneos internacionales en los \u00faltimos a\u00f1os.\u00a0 S\u00f3lo quedan con vida Colo Colo y los azules en la Libertadores, adem\u00e1s de Audax Italiano y Deportes Temuco, que a\u00fan no debutan por [&#8230;]<\/p>\n","protected":false},"author":21395,"featured_media":13350,"comment_status":"closed","ping_status":"open","sticky":false,"template":"","format":"standard","meta":{"footnotes":""},"categories":[18],"tags":[454,128,1116,111,156],"class_list":{"0":"post-14133","1":"post","2":"type-post","3":"status-publish","4":"format-standard","5":"has-post-thumbnail","7":"category-actualidad","8":"tag-actualidad","9":"tag-copa-libertadores","10":"tag-cuadro-magico","11":"tag-david-pizarro","12":"tag-universidad-de-chile"},"_links":{"self":[{"href":"http:\/\/www.rincondelbulla.cl\/portal\/wp-json\/wp\/v2\/posts\/14133","targetHints":{"allow":["GET"]}}],"collection":[{"href":"http:\/\/www.rincondelbulla.cl\/portal\/wp-json\/wp\/v2\/posts"}],"about":[{"href":"http:\/\/www.rincondelbulla.cl\/portal\/wp-json\/wp\/v2\/types\/post"}],"author":[{"embeddable":true,"href":"http:\/\/www.rincondelbulla.cl\/portal\/wp-json\/wp\/v2\/users\/21395"}],"replies":[{"embeddable":true,"href":"http:\/\/www.rincondelbulla.cl\/portal\/wp-json\/wp\/v2\/comments?post=14133"}],"version-history":[{"count":1,"href":"http:\/\/www.rincondelbulla.cl\/portal\/wp-json\/wp\/v2\/posts\/14133\/revisions"}],"predecessor-version":[{"id":14134,"href":"http:\/\/www.rincondelbulla.cl\/portal\/wp-json\/wp\/v2\/posts\/14133\/revisions\/14134"}],"wp:featuredmedia":[{"embeddable":true,"href":"http:\/\/www.rincondelbulla.cl\/portal\/wp-json\/wp\/v2\/media\/13350"}],"wp:attachment":[{"href":"http:\/\/www.rincondelbulla.cl\/portal\/wp-json\/wp\/v2\/media?parent=14133"}],"wp:term":[{"taxonomy":"category","embeddable":true,"href":"http:\/\/www.rincondelbulla.cl\/portal\/wp-json\/wp\/v2\/categories?post=14133"},{"taxonomy":"post_tag","embeddable":true,"href":"http:\/\/www.rincondelbulla.cl\/portal\/wp-json\/wp\/v2\/tags?post=14133"}],"curies":[{"name":"wp","href":"https:\/\/api.w.org\/{rel}","templated":true}]}}