{"id":14174,"date":"2018-03-14T18:50:52","date_gmt":"2018-03-14T21:50:52","guid":{"rendered":"http:\/\/www.rincondelbulla.cl\/portal\/?p=14174"},"modified":"2018-03-14T18:50:52","modified_gmt":"2018-03-14T21:50:52","slug":"dos-azules-en-el-primer-llamado-de-rueda","status":"publish","type":"post","link":"http:\/\/www.rincondelbulla.cl\/portal\/2018\/03\/14\/dos-azules-en-el-primer-llamado-de-rueda\/","title":{"rendered":"Dos azules en el primer llamado de Rueda"},"content":{"rendered":"<figure id=\"attachment_10033\" aria-describedby=\"caption-attachment-10033\" style=\"width: 667px\" class=\"wp-caption alignnone\"><img loading=\"lazy\" decoding=\"async\" class=\"size-full wp-image-10033\" src=\"http:\/\/www.rincondelbulla.cl\/portal\/wp-content\/uploads\/2016\/07\/Jean-Beausejour-Gonzalo-Jara.jpg\" alt=\"\" width=\"667\" height=\"375\" srcset=\"http:\/\/www.rincondelbulla.cl\/portal\/wp-content\/uploads\/2016\/07\/Jean-Beausejour-Gonzalo-Jara.jpg 667w, http:\/\/www.rincondelbulla.cl\/portal\/wp-content\/uploads\/2016\/07\/Jean-Beausejour-Gonzalo-Jara-300x169.jpg 300w\" sizes=\"auto, (max-width: 667px) 100vw, 667px\" \/><figcaption id=\"caption-attachment-10033\" class=\"wp-caption-text\">Foto: www.anfp.cl<\/figcaption><\/figure>\n<p><strong>La tarde de este mi\u00e9rcoles, la ANFP liber\u00f3 el primer listado de convocados por el nuevo seleccionador nacional Reinaldo Rueda, para los amistosos ante Suecia y Dinamarca el pr\u00f3ximo 24 y 27 de marzo.<\/strong><!--more--><\/p>\n<p>En la lista entregada por el t\u00e9cnico colombiano se incluyen 25 nombres \u2013incluido Claudio Bravo, quien decidi\u00f3 restarse de esta convocatoria- y en ella destacan los nombres de dos jugadores de la Universidad de Chile.<\/p>\n<p>Se trata de Johnny Herrera y Jean Beausejour, quienes deber\u00e1n ponerse a disposici\u00f3n del cuerpo t\u00e9cnico chileno una vez finalizada la sexta fecha del Campeonato Nacional 2018.<\/p>\n<p><strong>M\u00c1S AZULES SE SUBEN AL AVI\u00d3N<\/strong><\/p>\n<p>A los tradicionales nombres de Eduardo Vargas y Charles Ar\u00e1nguiz, otros ex azules aparecen en este listado.<\/p>\n<p>Felipe Mora e Igor Lichnovsky, quienes militan en el futbol mexicano, adem\u00e1s del joven portero Gonzalo Collao que se encuentra en Cobreloa, llaman la atenci\u00f3n en esta convocatoria. Su inclusi\u00f3n est\u00e1 dentro de los trabajos para conocer nuevos jugadores, de cara al recambio, que quiere instaurar Reinaldo Rueda.<\/p>\n<p>Sorpresa genera que en este llamado no se incluyera a Gonzalo Jara y Marcelo D\u00edaz, quien manifest\u00f3 sus deseos de retornar a defender el mediocampo nacional. Otro que pudo estar en la cita era Mauricio Pinilla.<\/p>\n","protected":false},"excerpt":{"rendered":"<p>La tarde de este mi\u00e9rcoles, la ANFP liber\u00f3 el primer listado de convocados por el nuevo seleccionador nacional Reinaldo Rueda, para los amistosos ante Suecia y Dinamarca el pr\u00f3ximo 24 y 27 de marzo.<\/p>\n","protected":false},"author":21382,"featured_media":9361,"comment_status":"closed","ping_status":"open","sticky":false,"template":"","format":"standard","meta":{"footnotes":""},"categories":[18],"tags":[454,1426,1117,821,41,157,1424,53,1425],"class_list":{"0":"post-14174","1":"post","2":"type-post","3":"status-publish","4":"format-standard","5":"has-post-thumbnail","7":"category-actualidad","8":"tag-actualidad","9":"tag-dinamarca","10":"tag-gonzalo-collao","11":"tag-jean-beausejour","12":"tag-johnny-herrera","13":"tag-portada","14":"tag-reinaldo-rueda","15":"tag-seleccion-chilena","16":"tag-suecia"},"_links":{"self":[{"href":"http:\/\/www.rincondelbulla.cl\/portal\/wp-json\/wp\/v2\/posts\/14174","targetHints":{"allow":["GET"]}}],"collection":[{"href":"http:\/\/www.rincondelbulla.cl\/portal\/wp-json\/wp\/v2\/posts"}],"about":[{"href":"http:\/\/www.rincondelbulla.cl\/portal\/wp-json\/wp\/v2\/types\/post"}],"author":[{"embeddable":true,"href":"http:\/\/www.rincondelbulla.cl\/portal\/wp-json\/wp\/v2\/users\/21382"}],"replies":[{"embeddable":true,"href":"http:\/\/www.rincondelbulla.cl\/portal\/wp-json\/wp\/v2\/comments?post=14174"}],"version-history":[{"count":1,"href":"http:\/\/www.rincondelbulla.cl\/portal\/wp-json\/wp\/v2\/posts\/14174\/revisions"}],"predecessor-version":[{"id":14175,"href":"http:\/\/www.rincondelbulla.cl\/portal\/wp-json\/wp\/v2\/posts\/14174\/revisions\/14175"}],"wp:featuredmedia":[{"embeddable":true,"href":"http:\/\/www.rincondelbulla.cl\/portal\/wp-json\/wp\/v2\/media\/9361"}],"wp:attachment":[{"href":"http:\/\/www.rincondelbulla.cl\/portal\/wp-json\/wp\/v2\/media?parent=14174"}],"wp:term":[{"taxonomy":"category","embeddable":true,"href":"http:\/\/www.rincondelbulla.cl\/portal\/wp-json\/wp\/v2\/categories?post=14174"},{"taxonomy":"post_tag","embeddable":true,"href":"http:\/\/www.rincondelbulla.cl\/portal\/wp-json\/wp\/v2\/tags?post=14174"}],"curies":[{"name":"wp","href":"https:\/\/api.w.org\/{rel}","templated":true}]}}