{"id":14192,"date":"2018-03-15T23:28:54","date_gmt":"2018-03-16T02:28:54","guid":{"rendered":"http:\/\/www.rincondelbulla.cl\/portal\/?p=14192"},"modified":"2018-03-15T23:30:39","modified_gmt":"2018-03-16T02:30:39","slug":"herrera-sobre-alexis-sanchez-es-un-bullanguero-mas","status":"publish","type":"post","link":"http:\/\/www.rincondelbulla.cl\/portal\/2018\/03\/15\/herrera-sobre-alexis-sanchez-es-un-bullanguero-mas\/","title":{"rendered":"Herrera sobre Alexis Sanchez: \u00abEs un bullanguero m\u00e1s\u00bb"},"content":{"rendered":"<figure id=\"attachment_13155\" aria-describedby=\"caption-attachment-13155\" style=\"width: 1049px\" class=\"wp-caption alignleft\"><img loading=\"lazy\" decoding=\"async\" class=\"size-full wp-image-13155\" src=\"http:\/\/www.rincondelbulla.cl\/portal\/wp-content\/uploads\/2017\/11\/Herrera-CDA-Noviembre.jpg\" alt=\"\" width=\"1049\" height=\"700\" srcset=\"http:\/\/www.rincondelbulla.cl\/portal\/wp-content\/uploads\/2017\/11\/Herrera-CDA-Noviembre.jpg 1049w, http:\/\/www.rincondelbulla.cl\/portal\/wp-content\/uploads\/2017\/11\/Herrera-CDA-Noviembre-300x200.jpg 300w, http:\/\/www.rincondelbulla.cl\/portal\/wp-content\/uploads\/2017\/11\/Herrera-CDA-Noviembre-768x512.jpg 768w, http:\/\/www.rincondelbulla.cl\/portal\/wp-content\/uploads\/2017\/11\/Herrera-CDA-Noviembre-696x464.jpg 696w, http:\/\/www.rincondelbulla.cl\/portal\/wp-content\/uploads\/2017\/11\/Herrera-CDA-Noviembre-629x420.jpg 629w\" sizes=\"auto, (max-width: 1049px) 100vw, 1049px\" \/><figcaption id=\"caption-attachment-13155\" class=\"wp-caption-text\">Fotograf\u00eda: Agencia Uno<\/figcaption><\/figure>\n<p><strong>Johnny Herrera habl\u00f3 del momento que se vive en la La Roja y de Alexis S\u00e1nchez.<\/strong><\/p>\n<p>La pol\u00e9mica de la jornada estuvo marcada por los dichos de Arturo Salah y Claudio Bravo, respecto a Julio Rodr\u00edguez, el preparador de arqueros, por el cual Bravo hizo un gran berrinche.<\/p>\n<p>Herrera fue bien directo\u00a0\u00abCuando estuvo en la U lo sacaron cascando, me cuesta mucho creer lo que dijo Claudio. Alguna vez hablamos de todos los problemas que tuvo Rodr\u00edguez en la U y me gustar\u00eda escuchar lo que habl\u00f3\u00bb, dijo en conversaci\u00f3n con el Canal del F\u00fatbol.<\/p>\n<p>Respecto directamente a La Roja, dijo que \u00abMe toc\u00f3 hablar con el profe rueda la semana pasada y me puse a su disposici\u00f3n, de ah\u00ed lo que convenga o no lo vera el t\u00e9cnico. Yo como un buen soldado chileno, si me llama la patria habr\u00e1 que ir con toda la disposici\u00f3n\u00bb.<\/p>\n<p>\u00abLe tome un poco tarde el gustito a la selecci\u00f3n, pero me di cuenta que adentro hay un tremando grupo de gente que se saca cresta y media por llegar, estar ah\u00ed y jugar cada partido\u00bb, sigui\u00f3 diciendo el golero.<\/p>\n<p>Finalmente, sobre las palabras de Alexis S\u00e1nchez y su deseo de terminar su carrera en la U\u00a0\u00abTodos sabemos que es fan\u00e1tico de la &#8216;U&#8217;, quiz\u00e1 es m\u00e1s introvertido y no dice tantas cosas, pero estando dentro de la Selecci\u00f3n todos sabemos que es un bullanguero m\u00e1s\u00bb.<\/p>\n","protected":false},"excerpt":{"rendered":"<p>Johnny Herrera habl\u00f3 del momento que se vive en la La Roja y de Alexis S\u00e1nchez. La pol\u00e9mica de la jornada estuvo marcada por los dichos de Arturo Salah y Claudio Bravo, respecto a Julio Rodr\u00edguez, el preparador de arqueros, por el cual Bravo hizo un gran berrinche. Herrera fue bien directo\u00a0\u00abCuando estuvo en la [&#8230;]<\/p>\n","protected":false},"author":21395,"featured_media":13492,"comment_status":"closed","ping_status":"open","sticky":false,"template":"","format":"standard","meta":{"footnotes":""},"categories":[18],"tags":[454,1427,1429,1116,41,230,156],"class_list":{"0":"post-14192","1":"post","2":"type-post","3":"status-publish","4":"format-standard","5":"has-post-thumbnail","7":"category-actualidad","8":"tag-actualidad","9":"tag-alexis-sanchez","10":"tag-claudio-bravo","11":"tag-cuadro-magico","12":"tag-johnny-herrera","13":"tag-la-roja","14":"tag-universidad-de-chile"},"_links":{"self":[{"href":"http:\/\/www.rincondelbulla.cl\/portal\/wp-json\/wp\/v2\/posts\/14192","targetHints":{"allow":["GET"]}}],"collection":[{"href":"http:\/\/www.rincondelbulla.cl\/portal\/wp-json\/wp\/v2\/posts"}],"about":[{"href":"http:\/\/www.rincondelbulla.cl\/portal\/wp-json\/wp\/v2\/types\/post"}],"author":[{"embeddable":true,"href":"http:\/\/www.rincondelbulla.cl\/portal\/wp-json\/wp\/v2\/users\/21395"}],"replies":[{"embeddable":true,"href":"http:\/\/www.rincondelbulla.cl\/portal\/wp-json\/wp\/v2\/comments?post=14192"}],"version-history":[{"count":2,"href":"http:\/\/www.rincondelbulla.cl\/portal\/wp-json\/wp\/v2\/posts\/14192\/revisions"}],"predecessor-version":[{"id":14194,"href":"http:\/\/www.rincondelbulla.cl\/portal\/wp-json\/wp\/v2\/posts\/14192\/revisions\/14194"}],"wp:featuredmedia":[{"embeddable":true,"href":"http:\/\/www.rincondelbulla.cl\/portal\/wp-json\/wp\/v2\/media\/13492"}],"wp:attachment":[{"href":"http:\/\/www.rincondelbulla.cl\/portal\/wp-json\/wp\/v2\/media?parent=14192"}],"wp:term":[{"taxonomy":"category","embeddable":true,"href":"http:\/\/www.rincondelbulla.cl\/portal\/wp-json\/wp\/v2\/categories?post=14192"},{"taxonomy":"post_tag","embeddable":true,"href":"http:\/\/www.rincondelbulla.cl\/portal\/wp-json\/wp\/v2\/tags?post=14192"}],"curies":[{"name":"wp","href":"https:\/\/api.w.org\/{rel}","templated":true}]}}