{"id":14354,"date":"2018-04-09T15:41:17","date_gmt":"2018-04-09T18:41:17","guid":{"rendered":"http:\/\/www.rincondelbulla.cl\/portal\/?p=14354"},"modified":"2018-04-09T15:41:17","modified_gmt":"2018-04-09T18:41:17","slug":"la-u-anuncia-preventa-exclusiva-de-entradas-para-este-superclasico","status":"publish","type":"post","link":"http:\/\/www.rincondelbulla.cl\/portal\/2018\/04\/09\/la-u-anuncia-preventa-exclusiva-de-entradas-para-este-superclasico\/","title":{"rendered":"La \u00abU\u00bb anuncia preventa exclusiva de entradas para este Supercl\u00e1sico"},"content":{"rendered":"<figure id=\"attachment_14277\" aria-describedby=\"caption-attachment-14277\" style=\"width: 1000px\" class=\"wp-caption alignnone\"><img loading=\"lazy\" decoding=\"async\" class=\"size-full wp-image-14277\" src=\"http:\/\/www.rincondelbulla.cl\/portal\/wp-content\/uploads\/2018\/03\/subir-salida-los-de-abajo-vs-r.jpeg\" alt=\"\" width=\"1000\" height=\"667\" srcset=\"http:\/\/www.rincondelbulla.cl\/portal\/wp-content\/uploads\/2018\/03\/subir-salida-los-de-abajo-vs-r.jpeg 1000w, http:\/\/www.rincondelbulla.cl\/portal\/wp-content\/uploads\/2018\/03\/subir-salida-los-de-abajo-vs-r-300x200.jpeg 300w, http:\/\/www.rincondelbulla.cl\/portal\/wp-content\/uploads\/2018\/03\/subir-salida-los-de-abajo-vs-r-768x512.jpeg 768w, http:\/\/www.rincondelbulla.cl\/portal\/wp-content\/uploads\/2018\/03\/subir-salida-los-de-abajo-vs-r-696x464.jpeg 696w, http:\/\/www.rincondelbulla.cl\/portal\/wp-content\/uploads\/2018\/03\/subir-salida-los-de-abajo-vs-r-630x420.jpeg 630w\" sizes=\"auto, (max-width: 1000px) 100vw, 1000px\" \/><figcaption id=\"caption-attachment-14277\" class=\"wp-caption-text\">Foto: Claudio C\u00e1ceres<\/figcaption><\/figure>\n<p><strong>Los usuarios de la App oficial del club podr\u00e1n acceder a ella. Pero ojo: no incluye galer\u00eda sur.<\/strong><\/p>\n<p><!--more-->Universidad de Chile anuncio que a partir de las 11:00 hrs., de este martes pondr\u00e1 a disposici\u00f3n de los usuarios de la aplicaci\u00f3n para smartphones una preventa exclusiva de entradas,pensando en el.partido de este domingo.<\/p>\n<p>Para acceder a ella, el RUT del usuario debe ser el mismo que est\u00e1 registrado tanto en la plataforma como en el sistema Puntoticket.<\/p>\n<p>Habr\u00e1 un stock de 15.000 boletos, a los que podr\u00e1 acceder casa usuaria un un m\u00e1ximo de cuatro en su transacci\u00f3n. Estos no contemplar\u00e1n galer\u00eda sur.<\/p>\n<p>Adem\u00e1s se informo que la venta general estar\u00e1 a disposici\u00f3n de los hinchas desde las 00:01 hrs., del mi\u00e9rcoles 11 de abril.<\/p>\n","protected":false},"excerpt":{"rendered":"<p>Los usuarios de la App oficial del club podr\u00e1n acceder a ella. Pero ojo: no incluye galer\u00eda sur.<\/p>\n","protected":false},"author":21382,"featured_media":14277,"comment_status":"closed","ping_status":"open","sticky":false,"template":"","format":"standard","meta":{"footnotes":""},"categories":[18],"tags":[454,1447,157,467,44,294,156,83],"class_list":{"0":"post-14354","1":"post","2":"type-post","3":"status-publish","4":"format-standard","5":"has-post-thumbnail","7":"category-actualidad","8":"tag-actualidad","9":"tag-app-oficial","10":"tag-portada","11":"tag-puntoticket","12":"tag-superclasico","13":"tag-u-de-chile","14":"tag-universidad-de-chile","15":"tag-venta-de-entradas"},"_links":{"self":[{"href":"http:\/\/www.rincondelbulla.cl\/portal\/wp-json\/wp\/v2\/posts\/14354","targetHints":{"allow":["GET"]}}],"collection":[{"href":"http:\/\/www.rincondelbulla.cl\/portal\/wp-json\/wp\/v2\/posts"}],"about":[{"href":"http:\/\/www.rincondelbulla.cl\/portal\/wp-json\/wp\/v2\/types\/post"}],"author":[{"embeddable":true,"href":"http:\/\/www.rincondelbulla.cl\/portal\/wp-json\/wp\/v2\/users\/21382"}],"replies":[{"embeddable":true,"href":"http:\/\/www.rincondelbulla.cl\/portal\/wp-json\/wp\/v2\/comments?post=14354"}],"version-history":[{"count":1,"href":"http:\/\/www.rincondelbulla.cl\/portal\/wp-json\/wp\/v2\/posts\/14354\/revisions"}],"predecessor-version":[{"id":14355,"href":"http:\/\/www.rincondelbulla.cl\/portal\/wp-json\/wp\/v2\/posts\/14354\/revisions\/14355"}],"wp:featuredmedia":[{"embeddable":true,"href":"http:\/\/www.rincondelbulla.cl\/portal\/wp-json\/wp\/v2\/media\/14277"}],"wp:attachment":[{"href":"http:\/\/www.rincondelbulla.cl\/portal\/wp-json\/wp\/v2\/media?parent=14354"}],"wp:term":[{"taxonomy":"category","embeddable":true,"href":"http:\/\/www.rincondelbulla.cl\/portal\/wp-json\/wp\/v2\/categories?post=14354"},{"taxonomy":"post_tag","embeddable":true,"href":"http:\/\/www.rincondelbulla.cl\/portal\/wp-json\/wp\/v2\/tags?post=14354"}],"curies":[{"name":"wp","href":"https:\/\/api.w.org\/{rel}","templated":true}]}}