{"id":14368,"date":"2018-04-15T14:35:19","date_gmt":"2018-04-15T17:35:19","guid":{"rendered":"http:\/\/www.rincondelbulla.cl\/portal\/?p=14368"},"modified":"2018-04-15T14:35:19","modified_gmt":"2018-04-15T17:35:19","slug":"seguimos-reviviendo-muertos","status":"publish","type":"post","link":"http:\/\/www.rincondelbulla.cl\/portal\/2018\/04\/15\/seguimos-reviviendo-muertos\/","title":{"rendered":"Seguimos reviviendo muertos"},"content":{"rendered":"<p><img loading=\"lazy\" decoding=\"async\" class=\"alignnone size-full wp-image-14371\" src=\"http:\/\/www.rincondelbulla.cl\/portal\/wp-content\/uploads\/2018\/04\/IMG_20180415_142454.jpg\" alt=\"\" width=\"900\" height=\"600\" srcset=\"http:\/\/www.rincondelbulla.cl\/portal\/wp-content\/uploads\/2018\/04\/IMG_20180415_142454.jpg 900w, http:\/\/www.rincondelbulla.cl\/portal\/wp-content\/uploads\/2018\/04\/IMG_20180415_142454-300x200.jpg 300w, http:\/\/www.rincondelbulla.cl\/portal\/wp-content\/uploads\/2018\/04\/IMG_20180415_142454-768x512.jpg 768w, http:\/\/www.rincondelbulla.cl\/portal\/wp-content\/uploads\/2018\/04\/IMG_20180415_142454-696x464.jpg 696w, http:\/\/www.rincondelbulla.cl\/portal\/wp-content\/uploads\/2018\/04\/IMG_20180415_142454-630x420.jpg 630w\" sizes=\"auto, (max-width: 900px) 100vw, 900px\" \/><\/p>\n<p><strong>Universidad de Chile cay\u00f3 en el Supercl\u00e1sico, perdi\u00f3 la cima del torneo y extiende la falta de triunfos ante los albos<\/strong>.<!--more-->Temprano lleg\u00f3 la alegr\u00eda para los azules, cuando en los cinco minutos y tras una pelota recuperada por Mat\u00edas Rodr\u00edguez, Mauricio Pinilla abri\u00f3 la cuenta, desatando el estallido del Nacional.<\/p>\n<p>Los minutos siguientes, la \u00abU\u00bb perdi\u00f3 el control del bal\u00f3n y cedi\u00f3 la iniciativa, pese a que continuaba buscando crearse una oportunidad de ampliar la cuenta.<br \/>\nSin embargo, en los 35 minutos, Colo Colo aprovech\u00f3 una desinteligencia azul y Estaban Paredes igual\u00f3 la cuenta, resultado que se extendi\u00f3 hasta el final del primer tiempo.<br \/>\nCuando la segunda etapa se iniciaba, Esteban Paredes se jug\u00f3 la personal por la derecha, eludi\u00f3 a sus marcadores y clav\u00f3 la pelota en el \u00e1ngulo del palo contrario, dejando sin opci\u00f3n a Herrera y decretando el 1-2.<br \/>\nEn los 60 minutos la incidencia que marc\u00f3 el encuentro: el \u00e1rbitro Tobar expulsa a Jean Beausejour, qui\u00e9n sale desaforado de la cancha, repartiendo insultos e incluso trenzandose eneuna discusi\u00f3n con Mauricio Pinilla.<br \/>\nM\u00e1s tarde, por agresi\u00f3n mutua, vieron la tarjeta roja Lorenzo Reyes y \u00d3scar Opazo. Tras cart\u00f3n, en los 85 minutos, pase de Jorge Valdivia que deja s\u00f3lo a Claudio Baeza, qui\u00e9n le pica la pelota a Herrera en el achique, y sentencia el 1-3.<br \/>\nMarcador final que aleja a la \u00abU\u00bb de la cima del torneo y alarga la racha desfavorable ante el cl\u00e1sico rival.<br \/>\nEn la pr\u00f3xima fecha, Universidad de Chile visitar\u00e1 a Uni\u00f3n La Calera en Quillota. Pero antes, recibir\u00e1 a Cruzeiro por Copa Conmebol Libertadores este jueves a la 21:30 hrs.<\/p>\n","protected":false},"excerpt":{"rendered":"<p>Universidad de Chile cay\u00f3 en el Supercl\u00e1sico, perdi\u00f3 la cima del torneo y extiende la falta de triunfos ante los albos.<\/p>\n","protected":false},"author":21382,"featured_media":14371,"comment_status":"closed","ping_status":"open","sticky":false,"template":"","format":"standard","meta":{"footnotes":""},"categories":[18],"tags":[454,502,157,44,1321,294,156],"class_list":{"0":"post-14368","1":"post","2":"type-post","3":"status-publish","4":"format-standard","5":"has-post-thumbnail","7":"category-actualidad","8":"tag-actualidad","9":"tag-colo-colo","10":"tag-portada","11":"tag-superclasico","12":"tag-torneo-nacional-2018","13":"tag-u-de-chile","14":"tag-universidad-de-chile"},"_links":{"self":[{"href":"http:\/\/www.rincondelbulla.cl\/portal\/wp-json\/wp\/v2\/posts\/14368","targetHints":{"allow":["GET"]}}],"collection":[{"href":"http:\/\/www.rincondelbulla.cl\/portal\/wp-json\/wp\/v2\/posts"}],"about":[{"href":"http:\/\/www.rincondelbulla.cl\/portal\/wp-json\/wp\/v2\/types\/post"}],"author":[{"embeddable":true,"href":"http:\/\/www.rincondelbulla.cl\/portal\/wp-json\/wp\/v2\/users\/21382"}],"replies":[{"embeddable":true,"href":"http:\/\/www.rincondelbulla.cl\/portal\/wp-json\/wp\/v2\/comments?post=14368"}],"version-history":[{"count":3,"href":"http:\/\/www.rincondelbulla.cl\/portal\/wp-json\/wp\/v2\/posts\/14368\/revisions"}],"predecessor-version":[{"id":14373,"href":"http:\/\/www.rincondelbulla.cl\/portal\/wp-json\/wp\/v2\/posts\/14368\/revisions\/14373"}],"wp:featuredmedia":[{"embeddable":true,"href":"http:\/\/www.rincondelbulla.cl\/portal\/wp-json\/wp\/v2\/media\/14371"}],"wp:attachment":[{"href":"http:\/\/www.rincondelbulla.cl\/portal\/wp-json\/wp\/v2\/media?parent=14368"}],"wp:term":[{"taxonomy":"category","embeddable":true,"href":"http:\/\/www.rincondelbulla.cl\/portal\/wp-json\/wp\/v2\/categories?post=14368"},{"taxonomy":"post_tag","embeddable":true,"href":"http:\/\/www.rincondelbulla.cl\/portal\/wp-json\/wp\/v2\/tags?post=14368"}],"curies":[{"name":"wp","href":"https:\/\/api.w.org\/{rel}","templated":true}]}}