{"id":14390,"date":"2018-04-16T10:28:45","date_gmt":"2018-04-16T13:28:45","guid":{"rendered":"http:\/\/www.rincondelbulla.cl\/portal\/?p=14390"},"modified":"2018-04-16T10:30:43","modified_gmt":"2018-04-16T13:30:43","slug":"marca-personal-la-sangre-corrio-en-los-mas-jovenes","status":"publish","type":"post","link":"http:\/\/www.rincondelbulla.cl\/portal\/2018\/04\/16\/marca-personal-la-sangre-corrio-en-los-mas-jovenes\/","title":{"rendered":"Marca Personal: La sangre corri\u00f3 en los m\u00e1s j\u00f3venes"},"content":{"rendered":"<p><img loading=\"lazy\" decoding=\"async\" class=\"alignnone size-full wp-image-14393\" src=\"http:\/\/www.rincondelbulla.cl\/portal\/wp-content\/uploads\/2018\/04\/MATIGUERRA.jpg\" alt=\"\" width=\"700\" height=\"440\" srcset=\"http:\/\/www.rincondelbulla.cl\/portal\/wp-content\/uploads\/2018\/04\/MATIGUERRA.jpg 700w, http:\/\/www.rincondelbulla.cl\/portal\/wp-content\/uploads\/2018\/04\/MATIGUERRA-300x189.jpg 300w, http:\/\/www.rincondelbulla.cl\/portal\/wp-content\/uploads\/2018\/04\/MATIGUERRA-696x437.jpg 696w, http:\/\/www.rincondelbulla.cl\/portal\/wp-content\/uploads\/2018\/04\/MATIGUERRA-668x420.jpg 668w\" sizes=\"auto, (max-width: 700px) 100vw, 700px\" \/><\/p>\n<p>De un comienzo dulce, a un partido completamente agrio. <strong>Esta es la Marca Personal al deca\u00eddo elenco azul frente a Colo Colo en el Supercl\u00e1sico.<\/strong><!--more--><\/p>\n<p><strong>Johnny Herrera<\/strong>: No fue su partido, fue poco exigido y en los tres goles fue poco lo que pudo hacer el meta azul.<\/p>\n<p><strong>Christian Vilches<\/strong>: Tuvo un cometido correcto. Marc\u00f3, quit\u00f3, pero no alcanz\u00f3.<\/p>\n<p><strong>Rodrigo Echeverr\u00eda<\/strong>: Sin duda el patr\u00f3n de la defensa azul. Demostr\u00f3 como se juegan los cl\u00e1sicos, y claro, como s\u00f3lo un formado en casa y chuncho hasta la m\u00e9dula lo puede sentir.<\/p>\n<p><strong>Rafael Vaz (1)<\/strong>: Todo correcto hasta que Paredes lo deja pagando para hacer el segundo de los albos, nunca supo que el delantero era zurdo.<\/p>\n<p><strong>Mat\u00edas Rodr\u00edguez (2)<\/strong>: El ida y vuelta lo mat\u00f3. El primer gol albo llega por su banda, donde no alcanz\u00f3 llegar a la marca.<\/p>\n<p><strong>David Pizarro<\/strong>: Fue uno de los partidos m\u00e1s bajos del Fantasista, el medio campo este partido no funcion\u00f3.<\/p>\n<p><strong>Lorenzo Reyes<\/strong>: No fue el mediocampista que nos tiene acostumbrados. Desapareci\u00f3 por muchos pasajes del partidos y recibi\u00f3 roja directa por un infantil manotazo.<\/p>\n<p><strong>Jean Beausejour<\/strong>: Un caso aparte. Lo de \u00abPalmatoria\u00bb es dif\u00edcil de explicar, se hace expulsar por una agresi\u00f3n directa y al salir de la cancha discute airadamente con Pinilla, a quien le peg\u00f3 pechazos, y por si fuera poco sale grit\u00e1ndole a la hinchada \u00abyo me la banco\u00bb, como si de algo sirviera cuando la \u00abU\u00bb ca\u00eda por 1-2.<\/p>\n<p><strong>\u00c1ngelo Araos<\/strong>: El m\u00e1s destacable de los azules. El joven delantero fue de los pocos que encar\u00f3 y rompi\u00f3 l\u00edneas. Junto a Echeverr\u00eda demostraron a los m\u00e1s experimentados c\u00f3mo se juegan los cl\u00e1sicos.<\/p>\n<p><strong>Mauricio Pinilla<\/strong>: Como buen \u00ab9\u00bb de \u00e1rea, estuvo atento al rebote de Ori\u00f3n para marcar el primero a los 5 minutos. El resto del partido tuvo poco contacto con el bal\u00f3n y se le vio bastante ofuscado.<\/p>\n<p><strong>Yeferson Soteldo<\/strong>: Tuvo fuerte marca, pese a eso intent\u00f3 encarar por su banda, sobretodo cuando las respuestas eran pocas con el marcador desfavorable.<\/p>\n<p><strong>CAMBIOS<\/strong><\/p>\n<p><strong>Franz Schultz (1)<\/strong>: Entr\u00f3 para reforzar la zona defensiva la que se vio mermada con la expulsi\u00f3n de \u00abBose\u00bb. Con algo de timidez tuvo un partido correcto.<\/p>\n<p><strong>Nicol\u00e1s Guerra (2)<\/strong>: Con muchas ganas de poner a la \u00abU\u00bb en el sitial que se merece, apur\u00f3 todas las jugadas pero el ingrato partido no tendr\u00eda oportunidades para el Nico.<\/p>\n<p>&nbsp;<\/p>\n<p>&nbsp;<\/p>\n","protected":false},"excerpt":{"rendered":"<p>De un comienzo dulce, a un partido completamente agrio. Esta es la Marca Personal al deca\u00eddo elenco azul frente a Colo Colo en el Supercl\u00e1sico.<\/p>\n","protected":false},"author":21398,"featured_media":13489,"comment_status":"closed","ping_status":"open","sticky":false,"template":"","format":"standard","meta":{"footnotes":""},"categories":[18],"tags":[1329,502,821,41,121,631,44,294],"class_list":{"0":"post-14390","1":"post","2":"type-post","3":"status-publish","4":"format-standard","5":"has-post-thumbnail","7":"category-actualidad","8":"tag-angelo-araos","9":"tag-colo-colo","10":"tag-jean-beausejour","11":"tag-johnny-herrera","12":"tag-lorenzo-reyes","13":"tag-mauricio-pinilla","14":"tag-superclasico","15":"tag-u-de-chile"},"_links":{"self":[{"href":"http:\/\/www.rincondelbulla.cl\/portal\/wp-json\/wp\/v2\/posts\/14390","targetHints":{"allow":["GET"]}}],"collection":[{"href":"http:\/\/www.rincondelbulla.cl\/portal\/wp-json\/wp\/v2\/posts"}],"about":[{"href":"http:\/\/www.rincondelbulla.cl\/portal\/wp-json\/wp\/v2\/types\/post"}],"author":[{"embeddable":true,"href":"http:\/\/www.rincondelbulla.cl\/portal\/wp-json\/wp\/v2\/users\/21398"}],"replies":[{"embeddable":true,"href":"http:\/\/www.rincondelbulla.cl\/portal\/wp-json\/wp\/v2\/comments?post=14390"}],"version-history":[{"count":2,"href":"http:\/\/www.rincondelbulla.cl\/portal\/wp-json\/wp\/v2\/posts\/14390\/revisions"}],"predecessor-version":[{"id":14394,"href":"http:\/\/www.rincondelbulla.cl\/portal\/wp-json\/wp\/v2\/posts\/14390\/revisions\/14394"}],"wp:featuredmedia":[{"embeddable":true,"href":"http:\/\/www.rincondelbulla.cl\/portal\/wp-json\/wp\/v2\/media\/13489"}],"wp:attachment":[{"href":"http:\/\/www.rincondelbulla.cl\/portal\/wp-json\/wp\/v2\/media?parent=14390"}],"wp:term":[{"taxonomy":"category","embeddable":true,"href":"http:\/\/www.rincondelbulla.cl\/portal\/wp-json\/wp\/v2\/categories?post=14390"},{"taxonomy":"post_tag","embeddable":true,"href":"http:\/\/www.rincondelbulla.cl\/portal\/wp-json\/wp\/v2\/tags?post=14390"}],"curies":[{"name":"wp","href":"https:\/\/api.w.org\/{rel}","templated":true}]}}