{"id":14404,"date":"2018-04-17T17:47:15","date_gmt":"2018-04-17T20:47:15","guid":{"rendered":"http:\/\/www.rincondelbulla.cl\/portal\/?p=14404"},"modified":"2018-04-17T17:47:15","modified_gmt":"2018-04-17T20:47:15","slug":"continua-la-campana-para-cuidar-la-localia-en-copa-libertadores","status":"publish","type":"post","link":"http:\/\/www.rincondelbulla.cl\/portal\/2018\/04\/17\/continua-la-campana-para-cuidar-la-localia-en-copa-libertadores\/","title":{"rendered":"Contin\u00faa la campa\u00f1a para cuidar la local\u00eda en Copa Libertadores"},"content":{"rendered":"<figure id=\"attachment_14405\" aria-describedby=\"caption-attachment-14405\" style=\"width: 960px\" class=\"wp-caption alignnone\"><img loading=\"lazy\" decoding=\"async\" class=\"size-full wp-image-14405\" src=\"http:\/\/www.rincondelbulla.cl\/portal\/wp-content\/uploads\/2018\/04\/LDA.jpg\" alt=\"\" width=\"960\" height=\"640\" srcset=\"http:\/\/www.rincondelbulla.cl\/portal\/wp-content\/uploads\/2018\/04\/LDA.jpg 960w, http:\/\/www.rincondelbulla.cl\/portal\/wp-content\/uploads\/2018\/04\/LDA-300x200.jpg 300w, http:\/\/www.rincondelbulla.cl\/portal\/wp-content\/uploads\/2018\/04\/LDA-768x512.jpg 768w, http:\/\/www.rincondelbulla.cl\/portal\/wp-content\/uploads\/2018\/04\/LDA-696x464.jpg 696w, http:\/\/www.rincondelbulla.cl\/portal\/wp-content\/uploads\/2018\/04\/LDA-630x420.jpg 630w\" sizes=\"auto, (max-width: 960px) 100vw, 960px\" \/><figcaption id=\"caption-attachment-14405\" class=\"wp-caption-text\">Foto: Claudio C\u00e1ceres<\/figcaption><\/figure>\n<p><strong>Desde la concesionaria y el plantel hacen el llamado al buen comportamiento del hincha.<\/strong><!--more--><\/p>\n<p>El partido frente a Racing la hinchada estuvo a la altura para alentar y se comport\u00f3 de acuerdo a las nuevas normativas Conmebol, que sancionan a quienes encienden fuegos de artificios.<\/p>\n<p>La \u00abU\u00bb es justamente uno de los equipos m\u00e1s sancionados y u<strong>na nueva multa nos obligar\u00eda a jugar sin p\u00fablico de local<\/strong>, tal como ya es un hecho de visita, donde nos restan dos partidos sin hinchas azules.<\/p>\n<p>Por lo mismo desde Azul Azul y el plantel <strong>hacen nuevamente le llamado al hincha de tener un buen comportamiento en la galer\u00eda<\/strong> el partido frente a Cruzeiro de este jueves, para que de esta forma no sea sancionado el equipo ni la hinchada.<\/p>\n<blockquote class=\"twitter-tweet\" data-lang=\"es\">\n<p dir=\"ltr\" lang=\"es\">El del jueves es un partido clave. No lleves ni prendas fuegos de artificio. &#x1f6ab;&#x1f6ab;&#x1f6ab;<\/p>\n<p>Recuerda que ya estamos advertidos por la Conmebol. Te necesitamos. <a href=\"https:\/\/twitter.com\/hashtag\/VamosLaU?src=hash&amp;ref_src=twsrc%5Etfw\">#VamosLaU<\/a> &#x1f918; <a href=\"https:\/\/t.co\/VsMptr01cs\">pic.twitter.com\/VsMptr01cs<\/a><\/p>\n<p>\u2014 Universidad de Chile (@udechile) <a href=\"https:\/\/twitter.com\/udechile\/status\/986340551061622784?ref_src=twsrc%5Etfw\">17 de abril de 2018<\/a><\/p><\/blockquote>\n<p><script async src=\"https:\/\/platform.twitter.com\/widgets.js\" charset=\"utf-8\"><\/script><\/p>\n","protected":false},"excerpt":{"rendered":"<p>Desde la concesionaria y el plantel hacen el llamado al buen comportamiento del hincha.<\/p>\n","protected":false},"author":21398,"featured_media":14405,"comment_status":"closed","ping_status":"open","sticky":false,"template":"","format":"standard","meta":{"footnotes":""},"categories":[18],"tags":[454,211,347,128,1406,1451,294],"class_list":{"0":"post-14404","1":"post","2":"type-post","3":"status-publish","4":"format-standard","5":"has-post-thumbnail","7":"category-actualidad","8":"tag-actualidad","9":"tag-bengalas","10":"tag-conmebol","11":"tag-copa-libertadores","12":"tag-cruzeiro","13":"tag-fuegos-artificiales","14":"tag-u-de-chile"},"_links":{"self":[{"href":"http:\/\/www.rincondelbulla.cl\/portal\/wp-json\/wp\/v2\/posts\/14404","targetHints":{"allow":["GET"]}}],"collection":[{"href":"http:\/\/www.rincondelbulla.cl\/portal\/wp-json\/wp\/v2\/posts"}],"about":[{"href":"http:\/\/www.rincondelbulla.cl\/portal\/wp-json\/wp\/v2\/types\/post"}],"author":[{"embeddable":true,"href":"http:\/\/www.rincondelbulla.cl\/portal\/wp-json\/wp\/v2\/users\/21398"}],"replies":[{"embeddable":true,"href":"http:\/\/www.rincondelbulla.cl\/portal\/wp-json\/wp\/v2\/comments?post=14404"}],"version-history":[{"count":1,"href":"http:\/\/www.rincondelbulla.cl\/portal\/wp-json\/wp\/v2\/posts\/14404\/revisions"}],"predecessor-version":[{"id":14406,"href":"http:\/\/www.rincondelbulla.cl\/portal\/wp-json\/wp\/v2\/posts\/14404\/revisions\/14406"}],"wp:featuredmedia":[{"embeddable":true,"href":"http:\/\/www.rincondelbulla.cl\/portal\/wp-json\/wp\/v2\/media\/14405"}],"wp:attachment":[{"href":"http:\/\/www.rincondelbulla.cl\/portal\/wp-json\/wp\/v2\/media?parent=14404"}],"wp:term":[{"taxonomy":"category","embeddable":true,"href":"http:\/\/www.rincondelbulla.cl\/portal\/wp-json\/wp\/v2\/categories?post=14404"},{"taxonomy":"post_tag","embeddable":true,"href":"http:\/\/www.rincondelbulla.cl\/portal\/wp-json\/wp\/v2\/tags?post=14404"}],"curies":[{"name":"wp","href":"https:\/\/api.w.org\/{rel}","templated":true}]}}