{"id":14407,"date":"2018-04-17T22:54:47","date_gmt":"2018-04-18T01:54:47","guid":{"rendered":"http:\/\/www.rincondelbulla.cl\/portal\/?p=14407"},"modified":"2018-04-17T22:54:47","modified_gmt":"2018-04-18T01:54:47","slug":"las-sanciones-de-beausejour-y-reyes","status":"publish","type":"post","link":"http:\/\/www.rincondelbulla.cl\/portal\/2018\/04\/17\/las-sanciones-de-beausejour-y-reyes\/","title":{"rendered":"Las sanciones de Beausejour y Reyes"},"content":{"rendered":"<figure id=\"attachment_14408\" aria-describedby=\"caption-attachment-14408\" style=\"width: 1200px\" class=\"wp-caption alignnone\"><img loading=\"lazy\" decoding=\"async\" class=\"size-full wp-image-14408\" src=\"http:\/\/www.rincondelbulla.cl\/portal\/wp-content\/uploads\/2018\/04\/Reyes.jpg\" alt=\"\" width=\"1200\" height=\"675\" srcset=\"http:\/\/www.rincondelbulla.cl\/portal\/wp-content\/uploads\/2018\/04\/Reyes.jpg 1200w, http:\/\/www.rincondelbulla.cl\/portal\/wp-content\/uploads\/2018\/04\/Reyes-300x169.jpg 300w, http:\/\/www.rincondelbulla.cl\/portal\/wp-content\/uploads\/2018\/04\/Reyes-768x432.jpg 768w, http:\/\/www.rincondelbulla.cl\/portal\/wp-content\/uploads\/2018\/04\/Reyes-696x392.jpg 696w, http:\/\/www.rincondelbulla.cl\/portal\/wp-content\/uploads\/2018\/04\/Reyes-1068x601.jpg 1068w, http:\/\/www.rincondelbulla.cl\/portal\/wp-content\/uploads\/2018\/04\/Reyes-747x420.jpg 747w\" sizes=\"auto, (max-width: 1200px) 100vw, 1200px\" \/><figcaption id=\"caption-attachment-14408\" class=\"wp-caption-text\">Photosport<\/figcaption><\/figure>\n<p><strong>Ambos expulsados en el Supercl\u00e1sico supieron el castigo que tendr\u00e1n.<\/strong><!--more--><\/p>\n<p>El Supercl\u00e1sico se deja de jugar de a poco. Uno de sus \u00faltimos episodios se vivi\u00f3 en el Tribunal de Disciplina de la ANFP, quien resuelve las sanciones de los jugadores.<\/p>\n<p>Luego de que tanto Jean Beausejour y Lorenzo Reyes salieran expulsados por agresiones y roja directa, <strong>el ente sancionador sentenci\u00f3 que ambos recibir\u00e1n dos fechas de castigo<\/strong>.<\/p>\n<p>Con esto, ambos jugadores <strong>se perder\u00e1n el partido ante Uni\u00f3n La Calera<\/strong> (domingo 22) <strong>y la U. de Concepci\u00f3n<\/strong> (domingo 29).<\/p>\n","protected":false},"excerpt":{"rendered":"<p>Ambos expulsados en el Supercl\u00e1sico supieron el castigo que tendr\u00e1n.<\/p>\n","protected":false},"author":21398,"featured_media":14408,"comment_status":"closed","ping_status":"open","sticky":false,"template":"","format":"standard","meta":{"footnotes":""},"categories":[18],"tags":[502,821,121,1453,44,1452,294],"class_list":{"0":"post-14407","1":"post","2":"type-post","3":"status-publish","4":"format-standard","5":"has-post-thumbnail","7":"category-actualidad","8":"tag-colo-colo","9":"tag-jean-beausejour","10":"tag-lorenzo-reyes","11":"tag-sanciones","12":"tag-superclasico","13":"tag-tarjeta-roja","14":"tag-u-de-chile"},"_links":{"self":[{"href":"http:\/\/www.rincondelbulla.cl\/portal\/wp-json\/wp\/v2\/posts\/14407","targetHints":{"allow":["GET"]}}],"collection":[{"href":"http:\/\/www.rincondelbulla.cl\/portal\/wp-json\/wp\/v2\/posts"}],"about":[{"href":"http:\/\/www.rincondelbulla.cl\/portal\/wp-json\/wp\/v2\/types\/post"}],"author":[{"embeddable":true,"href":"http:\/\/www.rincondelbulla.cl\/portal\/wp-json\/wp\/v2\/users\/21398"}],"replies":[{"embeddable":true,"href":"http:\/\/www.rincondelbulla.cl\/portal\/wp-json\/wp\/v2\/comments?post=14407"}],"version-history":[{"count":1,"href":"http:\/\/www.rincondelbulla.cl\/portal\/wp-json\/wp\/v2\/posts\/14407\/revisions"}],"predecessor-version":[{"id":14409,"href":"http:\/\/www.rincondelbulla.cl\/portal\/wp-json\/wp\/v2\/posts\/14407\/revisions\/14409"}],"wp:featuredmedia":[{"embeddable":true,"href":"http:\/\/www.rincondelbulla.cl\/portal\/wp-json\/wp\/v2\/media\/14408"}],"wp:attachment":[{"href":"http:\/\/www.rincondelbulla.cl\/portal\/wp-json\/wp\/v2\/media?parent=14407"}],"wp:term":[{"taxonomy":"category","embeddable":true,"href":"http:\/\/www.rincondelbulla.cl\/portal\/wp-json\/wp\/v2\/categories?post=14407"},{"taxonomy":"post_tag","embeddable":true,"href":"http:\/\/www.rincondelbulla.cl\/portal\/wp-json\/wp\/v2\/tags?post=14407"}],"curies":[{"name":"wp","href":"https:\/\/api.w.org\/{rel}","templated":true}]}}