{"id":14411,"date":"2018-04-18T15:10:28","date_gmt":"2018-04-18T18:10:28","guid":{"rendered":"http:\/\/www.rincondelbulla.cl\/portal\/?p=14411"},"modified":"2018-04-18T15:51:59","modified_gmt":"2018-04-18T18:51:59","slug":"hoyos-da-vuelta-la-pagina-y-piensa-en-cruzeiro","status":"publish","type":"post","link":"http:\/\/www.rincondelbulla.cl\/portal\/2018\/04\/18\/hoyos-da-vuelta-la-pagina-y-piensa-en-cruzeiro\/","title":{"rendered":"Hoyos da vuelta la p\u00e1gina y piensa en Cruzeiro"},"content":{"rendered":"<p><img loading=\"lazy\" decoding=\"async\" class=\"alignright size-full wp-image-11753\" src=\"http:\/\/www.rincondelbulla.cl\/portal\/wp-content\/uploads\/2017\/07\/Hoyos-CDA.jpg\" alt=\"\" width=\"1200\" height=\"675\" srcset=\"http:\/\/www.rincondelbulla.cl\/portal\/wp-content\/uploads\/2017\/07\/Hoyos-CDA.jpg 1200w, http:\/\/www.rincondelbulla.cl\/portal\/wp-content\/uploads\/2017\/07\/Hoyos-CDA-300x169.jpg 300w, http:\/\/www.rincondelbulla.cl\/portal\/wp-content\/uploads\/2017\/07\/Hoyos-CDA-768x432.jpg 768w, http:\/\/www.rincondelbulla.cl\/portal\/wp-content\/uploads\/2017\/07\/Hoyos-CDA-696x392.jpg 696w, http:\/\/www.rincondelbulla.cl\/portal\/wp-content\/uploads\/2017\/07\/Hoyos-CDA-1068x601.jpg 1068w, http:\/\/www.rincondelbulla.cl\/portal\/wp-content\/uploads\/2017\/07\/Hoyos-CDA-747x420.jpg 747w\" sizes=\"auto, (max-width: 1200px) 100vw, 1200px\" \/><\/p>\n<p><strong>Con el cap\u00edtulo del Supercl\u00e1sico cerrado, el t\u00e9cnico azul tiene la mirada puesta en lo que ser\u00e1 el choque del cuadro azul contra Cruzeiro este jueves a las 21:30 horas, donde confirm\u00f3 la participaci\u00f3n de Rafael Vaz en lugar de Jara.<\/strong><\/p>\n<p><!--more--><\/p>\n<p><strong>El Cl\u00e1sico<\/strong>: \u00abNo hay coletazos tras el cl\u00e1sico. Yo vine, sinceramente, a hablar del partido con Cruzeiro. Lo qu\u00e9 pas\u00f3 qued\u00f3 atr\u00e1s, lo doy por zanjado y eso queda en la retina y en el coraz\u00f3n de cada uno\u00bb.<\/p>\n<p><strong>Cruzeiro<\/strong>: \u00abEs un partido muy dif\u00edcil, por la jerarqu\u00eda del equipo, por sus jugadores. Lo dije ya: los grandes se enfrentan de t\u00fa a t\u00fa.\u00a0Yo creo que la U es un grande, ha demostrado esa grandeza, su gente, su plantel y su equipo hace que tengas las esperanzas de lo que puedas hacer.\u00a0No quiere decir que vayas a ganar el partido, pero s\u00ed dejaremos todo\u00bb.<\/p>\n<p><strong>Gonzalo Jara<\/strong>: \u00abNo, ma\u00f1ana no est\u00e1 considerado. Nunca pudo trabajar con regularidad y no queremos arriesgarnos a perderlo por m\u00e1s partidos\u00bb.<\/p>\n<p>En su lugar ingresar\u00eda Rafael Vaz, que viene de jugar el Supercl\u00e1sico, pero que adem\u00e1s tuvo una participaci\u00f3n destacada en el 1-0 de visita con que la \u00abU\u00bb venci\u00f3 a Vasco Da Gama.<\/p>\n<p>As\u00ed el Rom\u00e1ntico viajero podr\u00eda formar as\u00ed:\u00a0<strong>Johnny Herrera; Christian Vilches, Rodrigo Echeverr\u00eda, Rafael Vaz; Mat\u00edas Rodr\u00edguez, David Pizarro, Lorenzo Reyes, Jean Beausejour; \u00c1ngelo Araos; Mauricio Pinilla y Yeferson Soteldo.<\/strong><\/p>\n<p>&nbsp;<\/p>\n","protected":false},"excerpt":{"rendered":"<p>Con el cap\u00edtulo del Supercl\u00e1sico cerrado, el t\u00e9cnico azul tiene la mirada puesta en lo que ser\u00e1 el choque del cuadro azul contra Cruzeiro este jueves a las 21:30 horas, donde confirm\u00f3 la participaci\u00f3n de Rafael Vaz en lugar de Jara.<\/p>\n","protected":false},"author":21383,"featured_media":12812,"comment_status":"closed","ping_status":"open","sticky":false,"template":"","format":"standard","meta":{"footnotes":""},"categories":[18],"tags":[128,996,574,157,1454],"class_list":{"0":"post-14411","1":"post","2":"type-post","3":"status-publish","4":"format-standard","5":"has-post-thumbnail","7":"category-actualidad","8":"tag-copa-libertadores","9":"tag-hoyos","10":"tag-jara","11":"tag-portada","12":"tag-vaz"},"_links":{"self":[{"href":"http:\/\/www.rincondelbulla.cl\/portal\/wp-json\/wp\/v2\/posts\/14411","targetHints":{"allow":["GET"]}}],"collection":[{"href":"http:\/\/www.rincondelbulla.cl\/portal\/wp-json\/wp\/v2\/posts"}],"about":[{"href":"http:\/\/www.rincondelbulla.cl\/portal\/wp-json\/wp\/v2\/types\/post"}],"author":[{"embeddable":true,"href":"http:\/\/www.rincondelbulla.cl\/portal\/wp-json\/wp\/v2\/users\/21383"}],"replies":[{"embeddable":true,"href":"http:\/\/www.rincondelbulla.cl\/portal\/wp-json\/wp\/v2\/comments?post=14411"}],"version-history":[{"count":5,"href":"http:\/\/www.rincondelbulla.cl\/portal\/wp-json\/wp\/v2\/posts\/14411\/revisions"}],"predecessor-version":[{"id":14416,"href":"http:\/\/www.rincondelbulla.cl\/portal\/wp-json\/wp\/v2\/posts\/14411\/revisions\/14416"}],"wp:featuredmedia":[{"embeddable":true,"href":"http:\/\/www.rincondelbulla.cl\/portal\/wp-json\/wp\/v2\/media\/12812"}],"wp:attachment":[{"href":"http:\/\/www.rincondelbulla.cl\/portal\/wp-json\/wp\/v2\/media?parent=14411"}],"wp:term":[{"taxonomy":"category","embeddable":true,"href":"http:\/\/www.rincondelbulla.cl\/portal\/wp-json\/wp\/v2\/categories?post=14411"},{"taxonomy":"post_tag","embeddable":true,"href":"http:\/\/www.rincondelbulla.cl\/portal\/wp-json\/wp\/v2\/tags?post=14411"}],"curies":[{"name":"wp","href":"https:\/\/api.w.org\/{rel}","templated":true}]}}