{"id":14430,"date":"2018-04-20T02:06:17","date_gmt":"2018-04-20T05:06:17","guid":{"rendered":"http:\/\/www.rincondelbulla.cl\/portal\/?p=14430"},"modified":"2018-04-20T02:06:17","modified_gmt":"2018-04-20T05:06:17","slug":"marca-personal-poca-hambre-de-victoria","status":"publish","type":"post","link":"http:\/\/www.rincondelbulla.cl\/portal\/2018\/04\/20\/marca-personal-poca-hambre-de-victoria\/","title":{"rendered":"Marca Personal: Poca hambre de victoria"},"content":{"rendered":"<figure id=\"attachment_14433\" aria-describedby=\"caption-attachment-14433\" style=\"width: 1280px\" class=\"wp-caption alignnone\"><img loading=\"lazy\" decoding=\"async\" class=\"size-full wp-image-14433\" src=\"http:\/\/www.rincondelbulla.cl\/portal\/wp-content\/uploads\/2018\/04\/Soteldo.jpg\" alt=\"\" width=\"1280\" height=\"853\" srcset=\"http:\/\/www.rincondelbulla.cl\/portal\/wp-content\/uploads\/2018\/04\/Soteldo.jpg 1280w, http:\/\/www.rincondelbulla.cl\/portal\/wp-content\/uploads\/2018\/04\/Soteldo-300x200.jpg 300w, http:\/\/www.rincondelbulla.cl\/portal\/wp-content\/uploads\/2018\/04\/Soteldo-768x512.jpg 768w, http:\/\/www.rincondelbulla.cl\/portal\/wp-content\/uploads\/2018\/04\/Soteldo-1200x800.jpg 1200w, http:\/\/www.rincondelbulla.cl\/portal\/wp-content\/uploads\/2018\/04\/Soteldo-696x464.jpg 696w, http:\/\/www.rincondelbulla.cl\/portal\/wp-content\/uploads\/2018\/04\/Soteldo-1068x712.jpg 1068w, http:\/\/www.rincondelbulla.cl\/portal\/wp-content\/uploads\/2018\/04\/Soteldo-630x420.jpg 630w\" sizes=\"auto, (max-width: 1280px) 100vw, 1280px\" \/><figcaption id=\"caption-attachment-14433\" class=\"wp-caption-text\">Foto: Claudio C\u00e1ceres<\/figcaption><\/figure>\n<p><strong>Johnny Herrera<\/strong>: Sin mayores exigencias por la delantera de Cruzeiro, respondi\u00f3 a las espectativas bajo los tres palos.<\/p>\n<p><strong>Christian Vilches<\/strong>: Se le vio err\u00e1tico y tras la salida de Contreras fue duramente exigido, quedando mano a mano en un par de ocasiones.<\/p>\n<p><strong>Rodrigo Echeverr\u00eda<\/strong>: Afirm\u00f3 la defensa durante el primer tiempo, en el segundo debi\u00f3 suplir las p\u00e9rdidas de bal\u00f3n del medio campo.<\/p>\n<p><strong>Alejandro Contreras (1)<\/strong>: Se not\u00f3 que no estaba del todo c\u00f3modo tras su falta de rodaje.<\/p>\n<p><strong>Mat\u00edas Rodr\u00edguez (2)<\/strong>: Err\u00e1tico a momentos y con una alta exigencia f\u00edsica. Le cost\u00f3 llegar con claridad por la banda, eso pese a que tuvo la m\u00e1s clara de cabeza.<\/p>\n<p><strong>Lorenzo Reyes<\/strong>: No fue de los puntos altos tras la cantidad de gente que se acumul\u00f3 en el medio campo por la gente de Cruzeiro.<\/p>\n<p><strong>David Pizarro<\/strong>: Est\u00e1 preparado para estas ocasiones y lo demuestra. Regate\u00f3 y abri\u00f3 la cancha para el ataque azul.<\/p>\n<p><strong>Fabi\u00e1n Monz\u00f3n<\/strong>: Se vio condicionado por la fuerte marca por las bandas, le cost\u00f3 bastante desbordar y sacar centros.<\/p>\n<p><strong>\u00c1ngelo Araos<\/strong>: De los m\u00e1s claros a la hora de atacar, demostr\u00f3 personalidad a la hora de buscar el \u00e1rea rival.<\/p>\n<p><strong>Mauricio Pinilla<\/strong>: Poco participativo en el juego. Se le vio bastante ofuscado con sus compa\u00f1eros.<\/p>\n<p><strong>Yeferson Soteldo<\/strong>: Fue el principal agente ofensivo, tuvo ocasiones a la hora de encarar y tambi\u00e9n un cabezazo que pudo ser el tan esperado tanto.<\/p>\n<p><strong>CAMBIOS<\/strong><\/p>\n<p><strong>Nicol\u00e1s Guerra (1)<\/strong>: Entr\u00f3 para fortalecer el ataque azul y casi al final del partido tuvo una chance que termin\u00f3 t\u00edmidamente en las manos del portero.<\/p>\n<p><strong>Franz Schultz (2)<\/strong>: Lleg\u00f3 para suplir a un agotado Rodr\u00edguez. Le cost\u00f3 entrar en juego y no fue trascendental.<\/p>\n<p>&nbsp;<\/p>\n","protected":false},"excerpt":{"rendered":"<p>Johnny Herrera: Sin mayores exigencias por la delantera de Cruzeiro, respondi\u00f3 a las espectativas bajo los tres palos. Christian Vilches: Se le vio err\u00e1tico y tras la salida de Contreras fue duramente exigido, quedando mano a mano en un par de ocasiones. Rodrigo Echeverr\u00eda: Afirm\u00f3 la defensa durante el primer tiempo, en el segundo debi\u00f3 [&#8230;]<\/p>\n","protected":false},"author":21398,"featured_media":14433,"comment_status":"closed","ping_status":"open","sticky":false,"template":"","format":"standard","meta":{"footnotes":""},"categories":[18],"tags":[454,1302,128,1406,1301,294,1458],"class_list":{"0":"post-14430","1":"post","2":"type-post","3":"status-publish","4":"format-standard","5":"has-post-thumbnail","7":"category-actualidad","8":"tag-actualidad","9":"tag-araos","10":"tag-copa-libertadores","11":"tag-cruzeiro","12":"tag-soteldo","13":"tag-u-de-chile","14":"tag-uno-a-uno"},"_links":{"self":[{"href":"http:\/\/www.rincondelbulla.cl\/portal\/wp-json\/wp\/v2\/posts\/14430","targetHints":{"allow":["GET"]}}],"collection":[{"href":"http:\/\/www.rincondelbulla.cl\/portal\/wp-json\/wp\/v2\/posts"}],"about":[{"href":"http:\/\/www.rincondelbulla.cl\/portal\/wp-json\/wp\/v2\/types\/post"}],"author":[{"embeddable":true,"href":"http:\/\/www.rincondelbulla.cl\/portal\/wp-json\/wp\/v2\/users\/21398"}],"replies":[{"embeddable":true,"href":"http:\/\/www.rincondelbulla.cl\/portal\/wp-json\/wp\/v2\/comments?post=14430"}],"version-history":[{"count":3,"href":"http:\/\/www.rincondelbulla.cl\/portal\/wp-json\/wp\/v2\/posts\/14430\/revisions"}],"predecessor-version":[{"id":14435,"href":"http:\/\/www.rincondelbulla.cl\/portal\/wp-json\/wp\/v2\/posts\/14430\/revisions\/14435"}],"wp:featuredmedia":[{"embeddable":true,"href":"http:\/\/www.rincondelbulla.cl\/portal\/wp-json\/wp\/v2\/media\/14433"}],"wp:attachment":[{"href":"http:\/\/www.rincondelbulla.cl\/portal\/wp-json\/wp\/v2\/media?parent=14430"}],"wp:term":[{"taxonomy":"category","embeddable":true,"href":"http:\/\/www.rincondelbulla.cl\/portal\/wp-json\/wp\/v2\/categories?post=14430"},{"taxonomy":"post_tag","embeddable":true,"href":"http:\/\/www.rincondelbulla.cl\/portal\/wp-json\/wp\/v2\/tags?post=14430"}],"curies":[{"name":"wp","href":"https:\/\/api.w.org\/{rel}","templated":true}]}}