{"id":14440,"date":"2018-04-22T16:57:17","date_gmt":"2018-04-22T19:57:17","guid":{"rendered":"http:\/\/www.rincondelbulla.cl\/portal\/?p=14440"},"modified":"2018-04-22T19:44:44","modified_gmt":"2018-04-22T22:44:44","slug":"desastrozo","status":"publish","type":"post","link":"http:\/\/www.rincondelbulla.cl\/portal\/2018\/04\/22\/desastrozo\/","title":{"rendered":"Desastroso"},"content":{"rendered":"<figure id=\"attachment_14441\" aria-describedby=\"caption-attachment-14441\" style=\"width: 640px\" class=\"wp-caption alignnone\"><img loading=\"lazy\" decoding=\"async\" class=\"size-full wp-image-14441\" src=\"http:\/\/www.rincondelbulla.cl\/portal\/wp-content\/uploads\/2018\/04\/Universidad-de-Chile-Uni\u00f3n-La-Calera.jpg\" alt=\"\" width=\"640\" height=\"427\" srcset=\"http:\/\/www.rincondelbulla.cl\/portal\/wp-content\/uploads\/2018\/04\/Universidad-de-Chile-Uni\u00f3n-La-Calera.jpg 640w, http:\/\/www.rincondelbulla.cl\/portal\/wp-content\/uploads\/2018\/04\/Universidad-de-Chile-Uni\u00f3n-La-Calera-300x200.jpg 300w, http:\/\/www.rincondelbulla.cl\/portal\/wp-content\/uploads\/2018\/04\/Universidad-de-Chile-Uni\u00f3n-La-Calera-630x420.jpg 630w\" sizes=\"auto, (max-width: 640px) 100vw, 640px\" \/><figcaption id=\"caption-attachment-14441\" class=\"wp-caption-text\">Foto: www.24horas.cl<\/figcaption><\/figure>\n<p><strong>Una suplente e irreconocible Universidad de Chi<\/strong><strong>le cay\u00f3 por marcador ten\u00edstico ante Uni\u00f3n La Calera, cerrando as\u00ed una semana para el olvido en el plano nacional.<\/strong><\/p>\n<p><!--more--><\/p>\n<p>En los doce minutos, cuando la \u201cU\u201d manten\u00eda una pelota en \u00e1rea rival, Lorenzetti intenta controlar un bal\u00f3n y Felipe Saavedra lo bota, permitiendo un carrer\u00f3n de V\u00edctor Retamal de unos 60 metros, sacando un latigazo ante una aletargada defensa azul, haciendo est\u00e9ril el esfuerzo de Johnny Herrera y decretando la apertura de la cuanta para los locales.<\/p>\n<p>En los 21, otra vez desinteligencias en la zaga universitaria permiten a Gonzalo Ab\u00e1n adentrase en el \u00e1rea y dejar solo a Brian Fern\u00e1ndez, quien a boca de arco puso el 2-0.<\/p>\n<p>La guinda de la torta en el primer tiempo la puso en los 35 minutos Felipe Saavedra, quien aprovecha una mala salida de Rafael Caroca y con un exquisito borde interno a la entrada del \u00e1rea la clav\u00f3 en el \u00e1ngulo del arco de Herrera, decretando el 3-0.<\/p>\n<p>La primera acci\u00f3n de peligro real para la \u201cU\u201d lleg\u00f3 en los 40 minutos, cuando Mauricio Pinilla env\u00eda un potente tiro libre al p\u00f3rtico cementero y el meta Arias la envi\u00f3 al c\u00f3rner con una espectacular volada.<\/p>\n<p>En la suma y resta de los primeros 45 minutos, lo mejor para la \u201cU\u201d fue el pitazo final de la etapa decretado por el \u00e1rbitro Christian Rojas.<\/p>\n<p>Cuando se iniciaba el segundo tiempo, mientras los jugadores de la \u00abU\u00bb reclamaban un penal no cobrado por el \u00e1rbitro en \u00e1rea calerana, una nueva contra de los locales permiti\u00f3 a \u00c1lvaro C\u00e9sped estirar las cifras a un contundente 4-0.<\/p>\n<p>Mauricio Pinilla dio una luz de esperanza en los 54 minutos, cuando aprovech\u00f3 un anticipo de cabeza de Caroca en campo azul, para enviar un potente tiro desde afuera del \u00e1rea para dejar sin opci\u00f3n al portero Arias y anotar el descuento.<\/p>\n<p>En los 75 minutos, nuevamente todo se vino a cero, tras un desborde de Saavedra por derecha, el centro al \u00e1rea y Brian Fern\u00e1ndez conecta libre el bal\u00f3n frente a Herrera y con toque perfecto lo fusila, decretando el 5-1.<\/p>\n<p>Fue un ex azul, multicampe\u00f3n con el equipo, el que puso la l\u00e1pida de cemento. Francisco Castro, en los 83 minutos, puso la sexta cifra, desatando nuevamente la algarab\u00eda de la parcialidad local, aunque el \u00abToby\u00bb no lo celebr\u00f3. As\u00ed se cerr\u00f3 el ten\u00edstico e hist\u00f3rico resultado para Uni\u00f3n La Calera: 6-1 ante la \u00abU\u00bb.<\/p>\n<p>Los pr\u00f3ximos encuentros de la Universidad de Chile, en esta ajetreada semana, nos har\u00e1n visitar a Cruzeiro en Brasil por Copa Conmebol Libertadores 2018, el jueves 26 de abril a las 19:15 hrs. Mientras que el domingo 29 de abril, desde las 17:30 hrs., los azules recibir\u00e1n a la Universidad de Concepci\u00f3n por la und\u00e9cima fecha del Campeonato Nacional 2018.<\/p>\n","protected":false},"excerpt":{"rendered":"<p>Una suplente e irreconocible Universidad de Chile cay\u00f3 por marcador ten\u00edstico ante Uni\u00f3n La Calera, cerrando as\u00ed una semana para el olvido en el plano nacional.<\/p>\n","protected":false},"author":21382,"featured_media":14441,"comment_status":"closed","ping_status":"open","sticky":false,"template":"","format":"standard","meta":{"footnotes":""},"categories":[18],"tags":[454,1409,1406,157,1321,294,497,156,462],"class_list":{"0":"post-14440","1":"post","2":"type-post","3":"status-publish","4":"format-standard","5":"has-post-thumbnail","7":"category-actualidad","8":"tag-actualidad","9":"tag-conmebol-libertadores-2018","10":"tag-cruzeiro","11":"tag-portada","12":"tag-torneo-nacional-2018","13":"tag-u-de-chile","14":"tag-union-la-calera","15":"tag-universidad-de-chile","16":"tag-universidad-de-concepcion"},"_links":{"self":[{"href":"http:\/\/www.rincondelbulla.cl\/portal\/wp-json\/wp\/v2\/posts\/14440","targetHints":{"allow":["GET"]}}],"collection":[{"href":"http:\/\/www.rincondelbulla.cl\/portal\/wp-json\/wp\/v2\/posts"}],"about":[{"href":"http:\/\/www.rincondelbulla.cl\/portal\/wp-json\/wp\/v2\/types\/post"}],"author":[{"embeddable":true,"href":"http:\/\/www.rincondelbulla.cl\/portal\/wp-json\/wp\/v2\/users\/21382"}],"replies":[{"embeddable":true,"href":"http:\/\/www.rincondelbulla.cl\/portal\/wp-json\/wp\/v2\/comments?post=14440"}],"version-history":[{"count":2,"href":"http:\/\/www.rincondelbulla.cl\/portal\/wp-json\/wp\/v2\/posts\/14440\/revisions"}],"predecessor-version":[{"id":14444,"href":"http:\/\/www.rincondelbulla.cl\/portal\/wp-json\/wp\/v2\/posts\/14440\/revisions\/14444"}],"wp:featuredmedia":[{"embeddable":true,"href":"http:\/\/www.rincondelbulla.cl\/portal\/wp-json\/wp\/v2\/media\/14441"}],"wp:attachment":[{"href":"http:\/\/www.rincondelbulla.cl\/portal\/wp-json\/wp\/v2\/media?parent=14440"}],"wp:term":[{"taxonomy":"category","embeddable":true,"href":"http:\/\/www.rincondelbulla.cl\/portal\/wp-json\/wp\/v2\/categories?post=14440"},{"taxonomy":"post_tag","embeddable":true,"href":"http:\/\/www.rincondelbulla.cl\/portal\/wp-json\/wp\/v2\/tags?post=14440"}],"curies":[{"name":"wp","href":"https:\/\/api.w.org\/{rel}","templated":true}]}}