{"id":14445,"date":"2018-04-22T20:37:58","date_gmt":"2018-04-22T23:37:58","guid":{"rendered":"http:\/\/www.rincondelbulla.cl\/portal\/?p=14445"},"modified":"2018-04-22T20:37:58","modified_gmt":"2018-04-22T23:37:58","slug":"marca-personal-con-poca-marca","status":"publish","type":"post","link":"http:\/\/www.rincondelbulla.cl\/portal\/2018\/04\/22\/marca-personal-con-poca-marca\/","title":{"rendered":"Marca Personal: Con poca marca"},"content":{"rendered":"<p><img loading=\"lazy\" decoding=\"async\" class=\"alignnone size-full wp-image-14448\" src=\"http:\/\/www.rincondelbulla.cl\/portal\/wp-content\/uploads\/2018\/04\/Herrera.jpeg\" alt=\"\" width=\"823\" height=\"435\" srcset=\"http:\/\/www.rincondelbulla.cl\/portal\/wp-content\/uploads\/2018\/04\/Herrera.jpeg 823w, http:\/\/www.rincondelbulla.cl\/portal\/wp-content\/uploads\/2018\/04\/Herrera-300x159.jpeg 300w, http:\/\/www.rincondelbulla.cl\/portal\/wp-content\/uploads\/2018\/04\/Herrera-768x406.jpeg 768w, http:\/\/www.rincondelbulla.cl\/portal\/wp-content\/uploads\/2018\/04\/Herrera-696x368.jpeg 696w, http:\/\/www.rincondelbulla.cl\/portal\/wp-content\/uploads\/2018\/04\/Herrera-795x420.jpeg 795w\" sizes=\"auto, (max-width: 823px) 100vw, 823px\" \/><\/p>\n<p><strong>Johnny Herrera<\/strong>: Le marcaron 6, pero siendo realistas poca es la responsabilidad que tuvo el meta en los tantos.<\/p>\n<p><strong>Alejandro Contreras<\/strong>: Pese a ser el que m\u00e1s rodaje ten\u00eda dentro de la in\u00e9dita defensa nunca puedo poner orden y perdi\u00f3 en reiteradas ocasiones.<\/p>\n<p><strong>Rafael Caroca<\/strong>: Su participaci\u00f3n como el libero hizo agua.<\/p>\n<p><strong>Rafael Vaz (1)<\/strong>: Nunca pudo tomar una marca como corresponde y en varias oportunidades no estuvo en su puesto.<\/p>\n<p><strong>Franz Schultz (2)<\/strong>: No pudo desbordar por su banda y fue sobrepasado en velocidad por los caleranos.<\/p>\n<p><strong>Felipe Seymour<\/strong>: Poco pudo hacer en un partido donde el mayor de los da\u00f1os vino por las bandas.<\/p>\n<p><strong>Gustavo Lorenzetti<\/strong>: Era de los m\u00e1s experimentados pero no pudo traspasar esa confianza en su juego y a sus compa\u00f1eros.<\/p>\n<p><strong>Felipe Saavedra<\/strong>: Mostr\u00f3 muy poco, nunca estuvo claro con la pelota en los pies.<\/p>\n<p><strong>Armando Cooper<\/strong>: Su debut tuvo m\u00e1s ganas que f\u00fatbol. En si destac\u00f3 dentro del bajo nivel general, no pudo demostrar sus habilidades en un ingrato partido.<\/p>\n<p><strong>Isaac D\u00edaz (3)<\/strong>: No tuvo muchas ocasiones y termin\u00f3 sobre exigido en materia f\u00edsica.<\/p>\n<p><strong>Mauricio Pinilla<\/strong>: Uno de los pocos que mostr\u00f3 verg\u00fcenza deportiva. Estuve presente en las pocas ocasiones de riesgo y el \u00fanico gol.<\/p>\n<p><strong>CAMBIOS<\/strong><\/p>\n<p><strong>Nicol\u00e1s Guerra (1)<\/strong>: Incomprensible que no est\u00e9 en el equipo titular. Debe tener mucho m\u00e1s rodaje en cancha.<\/p>\n<p><strong>Francisco Arancibia (2)<\/strong>: Tiene buenas ideas pero le cuesta mucho concretarlas, debe sacar provecho de su velocidad y facilidad de desborde.<\/p>\n<p><strong>Iv\u00e1n Rozas (3)<\/strong>: No tuvo injerencia.<\/p>\n<p>&nbsp;<\/p>\n","protected":false},"excerpt":{"rendered":"<p>Johnny Herrera: Le marcaron 6, pero siendo realistas poca es la responsabilidad que tuvo el meta en los tantos. Alejandro Contreras: Pese a ser el que m\u00e1s rodaje ten\u00eda dentro de la in\u00e9dita defensa nunca puedo poner orden y perdi\u00f3 en reiteradas ocasiones. Rafael Caroca: Su participaci\u00f3n como el libero hizo agua. Rafael Vaz (1): [&#8230;]<\/p>\n","protected":false},"author":21398,"featured_media":14448,"comment_status":"closed","ping_status":"open","sticky":false,"template":"","format":"standard","meta":{"footnotes":""},"categories":[18],"tags":[454,1364,41,102,43,631,294],"class_list":{"0":"post-14445","1":"post","2":"type-post","3":"status-publish","4":"format-standard","5":"has-post-thumbnail","7":"category-actualidad","8":"tag-actualidad","9":"tag-armando-cooper","10":"tag-johnny-herrera","11":"tag-los-de-abajo","12":"tag-marca-personal","13":"tag-mauricio-pinilla","14":"tag-u-de-chile"},"_links":{"self":[{"href":"http:\/\/www.rincondelbulla.cl\/portal\/wp-json\/wp\/v2\/posts\/14445","targetHints":{"allow":["GET"]}}],"collection":[{"href":"http:\/\/www.rincondelbulla.cl\/portal\/wp-json\/wp\/v2\/posts"}],"about":[{"href":"http:\/\/www.rincondelbulla.cl\/portal\/wp-json\/wp\/v2\/types\/post"}],"author":[{"embeddable":true,"href":"http:\/\/www.rincondelbulla.cl\/portal\/wp-json\/wp\/v2\/users\/21398"}],"replies":[{"embeddable":true,"href":"http:\/\/www.rincondelbulla.cl\/portal\/wp-json\/wp\/v2\/comments?post=14445"}],"version-history":[{"count":2,"href":"http:\/\/www.rincondelbulla.cl\/portal\/wp-json\/wp\/v2\/posts\/14445\/revisions"}],"predecessor-version":[{"id":14452,"href":"http:\/\/www.rincondelbulla.cl\/portal\/wp-json\/wp\/v2\/posts\/14445\/revisions\/14452"}],"wp:featuredmedia":[{"embeddable":true,"href":"http:\/\/www.rincondelbulla.cl\/portal\/wp-json\/wp\/v2\/media\/14448"}],"wp:attachment":[{"href":"http:\/\/www.rincondelbulla.cl\/portal\/wp-json\/wp\/v2\/media?parent=14445"}],"wp:term":[{"taxonomy":"category","embeddable":true,"href":"http:\/\/www.rincondelbulla.cl\/portal\/wp-json\/wp\/v2\/categories?post=14445"},{"taxonomy":"post_tag","embeddable":true,"href":"http:\/\/www.rincondelbulla.cl\/portal\/wp-json\/wp\/v2\/tags?post=14445"}],"curies":[{"name":"wp","href":"https:\/\/api.w.org\/{rel}","templated":true}]}}