{"id":14450,"date":"2018-04-22T21:03:21","date_gmt":"2018-04-23T00:03:21","guid":{"rendered":"http:\/\/www.rincondelbulla.cl\/portal\/?p=14450"},"modified":"2018-04-22T21:03:21","modified_gmt":"2018-04-23T00:03:21","slug":"solo-disculpas-para-el-pauperrimo-partido-en-quillota","status":"publish","type":"post","link":"http:\/\/www.rincondelbulla.cl\/portal\/2018\/04\/22\/solo-disculpas-para-el-pauperrimo-partido-en-quillota\/","title":{"rendered":"S\u00f3lo disculpas para el paup\u00e9rrimo partido en quillota"},"content":{"rendered":"<p>&nbsp;<\/p>\n<figure id=\"attachment_14447\" aria-describedby=\"caption-attachment-14447\" style=\"width: 1200px\" class=\"wp-caption alignnone\"><img loading=\"lazy\" decoding=\"async\" class=\"size-full wp-image-14447\" src=\"http:\/\/www.rincondelbulla.cl\/portal\/wp-content\/uploads\/2018\/04\/pinilla.jpg\" alt=\"\" width=\"1200\" height=\"600\" srcset=\"http:\/\/www.rincondelbulla.cl\/portal\/wp-content\/uploads\/2018\/04\/pinilla.jpg 1200w, http:\/\/www.rincondelbulla.cl\/portal\/wp-content\/uploads\/2018\/04\/pinilla-300x150.jpg 300w, http:\/\/www.rincondelbulla.cl\/portal\/wp-content\/uploads\/2018\/04\/pinilla-768x384.jpg 768w, http:\/\/www.rincondelbulla.cl\/portal\/wp-content\/uploads\/2018\/04\/pinilla-696x348.jpg 696w, http:\/\/www.rincondelbulla.cl\/portal\/wp-content\/uploads\/2018\/04\/pinilla-1068x534.jpg 1068w, http:\/\/www.rincondelbulla.cl\/portal\/wp-content\/uploads\/2018\/04\/pinilla-840x420.jpg 840w\" sizes=\"auto, (max-width: 1200px) 100vw, 1200px\" \/><figcaption id=\"caption-attachment-14447\" class=\"wp-caption-text\">Photosport<\/figcaption><\/figure>\n<p><strong>Mauricio Pinilla<\/strong>: Primero pedir disculpas p\u00fablicas a la gente que vino ac\u00e1, a alentarnos y apoyarnos, y presenciar un partido que en el cual un equipo no se present\u00f3 en la cancha y sufrimos una derrota de este tipo. Esto no nos puede pasar, mientras est\u00e9 presente en este equipo esto no se va a volver a repetir. Hoy no vinimos, no estuvimos, me siento absolutamente responsable, en lo personal fui una verg\u00fcenza dentro de la cancha. No hay momentos para lamentarse ni bajar la cabeza, hay que dar vuelta la p\u00e1gina porque viene un partido fundamental donde nos jugamos el semestre.<\/p>\n<p><strong>Johnny Herrera<\/strong>: Pedimos disculpas porque esta no es la \u00abU\u00bb que se debe ver en provincia, m\u00e1s all\u00e1 del equipo que haya jugado. Nos vamos tristes, no tengo conciencia de alguna vez que me hayan echo 6 goles.\u00a0Son de esas tardes que pr\u00e1cticamente no te sale nada y te gana un rival que hay que felicitarlo, porque hizo un partido de 10 puntos. No tenemos tiempo para lamentar, hoy jugamos con lo que ten\u00edamos pr\u00e1cticamente, muchos no ten\u00edan minutos en todo el a\u00f1o, era dif\u00edcil exigir mucho, as\u00ed y todo hubo algunos tramos que hicimos bien las cosas.<\/p>\n<p><strong>Guillermo Hoyos<\/strong>: Hay que pedir disculpas, con un resultado as\u00ed no queda otra que pedirlas, no hay mucho que analizar, esto es un golpe muy duro y hay que recuperarse porque viene un partido internacional muy importante, hoy nos fue muy mal y estamos muy dolidos. Internamente sacaremos conclusiones, cierra esto con una disculpa de que esto no estaba en nuestros papeles. Tratar de superar estos momentos amargos que estamos teniendo.<\/p>\n<p><strong>Felipe Seymour<\/strong> (Instagram):En un momento como este de mucha tristeza y verg\u00fcenza, solo pedir disculpas, sabemos todo lo que representamos con esta camiseta, lo que hace que duela m\u00e1s. Es nuestra responsabilidad y lo tenemos que asumir. Solo nos queda ir con todo a Brasil.<\/p>\n<p>&nbsp;<\/p>\n","protected":false},"excerpt":{"rendered":"<p>&nbsp; Mauricio Pinilla: Primero pedir disculpas p\u00fablicas a la gente que vino ac\u00e1, a alentarnos y apoyarnos, y presenciar un partido que en el cual un equipo no se present\u00f3 en la cancha y sufrimos una derrota de este tipo. Esto no nos puede pasar, mientras est\u00e9 presente en este equipo esto no se va [&#8230;]<\/p>\n","protected":false},"author":21398,"featured_media":14447,"comment_status":"closed","ping_status":"open","sticky":false,"template":"","format":"standard","meta":{"footnotes":""},"categories":[18],"tags":[454,52,1006,41,727,631,294],"class_list":{"0":"post-14450","1":"post","2":"type-post","3":"status-publish","4":"format-standard","5":"has-post-thumbnail","7":"category-actualidad","8":"tag-actualidad","9":"tag-felipe-seymour","10":"tag-guillermo-hoyos","11":"tag-johnny-herrera","12":"tag-la-calera","13":"tag-mauricio-pinilla","14":"tag-u-de-chile"},"_links":{"self":[{"href":"http:\/\/www.rincondelbulla.cl\/portal\/wp-json\/wp\/v2\/posts\/14450","targetHints":{"allow":["GET"]}}],"collection":[{"href":"http:\/\/www.rincondelbulla.cl\/portal\/wp-json\/wp\/v2\/posts"}],"about":[{"href":"http:\/\/www.rincondelbulla.cl\/portal\/wp-json\/wp\/v2\/types\/post"}],"author":[{"embeddable":true,"href":"http:\/\/www.rincondelbulla.cl\/portal\/wp-json\/wp\/v2\/users\/21398"}],"replies":[{"embeddable":true,"href":"http:\/\/www.rincondelbulla.cl\/portal\/wp-json\/wp\/v2\/comments?post=14450"}],"version-history":[{"count":1,"href":"http:\/\/www.rincondelbulla.cl\/portal\/wp-json\/wp\/v2\/posts\/14450\/revisions"}],"predecessor-version":[{"id":14451,"href":"http:\/\/www.rincondelbulla.cl\/portal\/wp-json\/wp\/v2\/posts\/14450\/revisions\/14451"}],"wp:featuredmedia":[{"embeddable":true,"href":"http:\/\/www.rincondelbulla.cl\/portal\/wp-json\/wp\/v2\/media\/14447"}],"wp:attachment":[{"href":"http:\/\/www.rincondelbulla.cl\/portal\/wp-json\/wp\/v2\/media?parent=14450"}],"wp:term":[{"taxonomy":"category","embeddable":true,"href":"http:\/\/www.rincondelbulla.cl\/portal\/wp-json\/wp\/v2\/categories?post=14450"},{"taxonomy":"post_tag","embeddable":true,"href":"http:\/\/www.rincondelbulla.cl\/portal\/wp-json\/wp\/v2\/tags?post=14450"}],"curies":[{"name":"wp","href":"https:\/\/api.w.org\/{rel}","templated":true}]}}