{"id":14461,"date":"2018-04-24T22:49:52","date_gmt":"2018-04-25T01:49:52","guid":{"rendered":"http:\/\/www.rincondelbulla.cl\/portal\/?p=14461"},"modified":"2018-04-24T22:49:52","modified_gmt":"2018-04-25T01:49:52","slug":"hoyos-no-podra-dirigir-ante-cruzeiro","status":"publish","type":"post","link":"http:\/\/www.rincondelbulla.cl\/portal\/2018\/04\/24\/hoyos-no-podra-dirigir-ante-cruzeiro\/","title":{"rendered":"Hoyos no podr\u00e1 dirigir ante Cruzeiro"},"content":{"rendered":"<p><img loading=\"lazy\" decoding=\"async\" class=\"alignnone size-full wp-image-13025\" src=\"http:\/\/www.rincondelbulla.cl\/portal\/wp-content\/uploads\/2017\/11\/Hoyos-CDA-Octubre.jpg\" alt=\"\" width=\"1048\" height=\"700\" srcset=\"http:\/\/www.rincondelbulla.cl\/portal\/wp-content\/uploads\/2017\/11\/Hoyos-CDA-Octubre.jpg 1048w, http:\/\/www.rincondelbulla.cl\/portal\/wp-content\/uploads\/2017\/11\/Hoyos-CDA-Octubre-300x200.jpg 300w, http:\/\/www.rincondelbulla.cl\/portal\/wp-content\/uploads\/2017\/11\/Hoyos-CDA-Octubre-768x513.jpg 768w, http:\/\/www.rincondelbulla.cl\/portal\/wp-content\/uploads\/2017\/11\/Hoyos-CDA-Octubre-696x465.jpg 696w, http:\/\/www.rincondelbulla.cl\/portal\/wp-content\/uploads\/2017\/11\/Hoyos-CDA-Octubre-629x420.jpg 629w\" sizes=\"auto, (max-width: 1048px) 100vw, 1048px\" \/><\/p>\n<p><strong>El estratega azul fue sancionado por la Conmebol y no se sentar\u00e1 a la banca.<\/strong><!--more--><\/p>\n<p>En el partido de este habr\u00e1 un gran un gran ausente en la banca. Es que tal como inform\u00f3 radio ADN desde Brasil, los azules no podr\u00e1n contar con Guillermo Hoyos.<\/p>\n<p>El t\u00e9cnico de los azules fue sancionado por el Comit\u00e9 de Disciplina de la Conmebol, el que <strong>lo castig\u00f3 con una fecha por el atraso de la salida a la cancha del equipo<\/strong>.<\/p>\n<p>Pero habr\u00eda otro problema, y es que los ayudantes de Guillermo Hoyos no tendr\u00edan su t\u00edtulo convalidado, lo que dificultar\u00eda tenerlos en la banca.<\/p>\n<blockquote class=\"twitter-tweet\" data-lang=\"es\">\n<p dir=\"ltr\" lang=\"es\">Mala noticia: el DT de la <a href=\"https:\/\/twitter.com\/udechile?ref_src=twsrc%5Etfw\">@udechile<\/a> \u00c1ngel Guillermo Hoyos no podr\u00e1 dirigir ante Cruzeiro. Comit\u00e9 de Disciplina de la Conmebol ratific\u00f3 la sanci\u00f3n de una fecha de castigo para el t\u00e9cnico azul. <a href=\"https:\/\/twitter.com\/adnradiochile?ref_src=twsrc%5Etfw\">@adnradiochile<\/a> <a href=\"https:\/\/twitter.com\/hashtag\/LaUenADN?src=hash&amp;ref_src=twsrc%5Etfw\">#LaUenADN<\/a><\/p>\n<p>\u2014 Tiki Toledo C. (@TikiRTC) <a href=\"https:\/\/twitter.com\/TikiRTC\/status\/988948792232771586?ref_src=twsrc%5Etfw\">25 de abril de 2018<\/a><\/p><\/blockquote>\n<p><script async src=\"https:\/\/platform.twitter.com\/widgets.js\" charset=\"utf-8\"><\/script><\/p>\n","protected":false},"excerpt":{"rendered":"<p>El estratega azul fue sancionado por la Conmebol y no se sentar\u00e1 a la banca.<\/p>\n","protected":false},"author":21398,"featured_media":13025,"comment_status":"closed","ping_status":"open","sticky":false,"template":"","format":"standard","meta":{"footnotes":""},"categories":[18],"tags":[454,999,128,1406,1006,102,1460,294],"class_list":{"0":"post-14461","1":"post","2":"type-post","3":"status-publish","4":"format-standard","5":"has-post-thumbnail","7":"category-actualidad","8":"tag-actualidad","9":"tag-angel-guillermo-hoyos","10":"tag-copa-libertadores","11":"tag-cruzeiro","12":"tag-guillermo-hoyos","13":"tag-los-de-abajo","14":"tag-sancion","15":"tag-u-de-chile"},"_links":{"self":[{"href":"http:\/\/www.rincondelbulla.cl\/portal\/wp-json\/wp\/v2\/posts\/14461","targetHints":{"allow":["GET"]}}],"collection":[{"href":"http:\/\/www.rincondelbulla.cl\/portal\/wp-json\/wp\/v2\/posts"}],"about":[{"href":"http:\/\/www.rincondelbulla.cl\/portal\/wp-json\/wp\/v2\/types\/post"}],"author":[{"embeddable":true,"href":"http:\/\/www.rincondelbulla.cl\/portal\/wp-json\/wp\/v2\/users\/21398"}],"replies":[{"embeddable":true,"href":"http:\/\/www.rincondelbulla.cl\/portal\/wp-json\/wp\/v2\/comments?post=14461"}],"version-history":[{"count":1,"href":"http:\/\/www.rincondelbulla.cl\/portal\/wp-json\/wp\/v2\/posts\/14461\/revisions"}],"predecessor-version":[{"id":14462,"href":"http:\/\/www.rincondelbulla.cl\/portal\/wp-json\/wp\/v2\/posts\/14461\/revisions\/14462"}],"wp:featuredmedia":[{"embeddable":true,"href":"http:\/\/www.rincondelbulla.cl\/portal\/wp-json\/wp\/v2\/media\/13025"}],"wp:attachment":[{"href":"http:\/\/www.rincondelbulla.cl\/portal\/wp-json\/wp\/v2\/media?parent=14461"}],"wp:term":[{"taxonomy":"category","embeddable":true,"href":"http:\/\/www.rincondelbulla.cl\/portal\/wp-json\/wp\/v2\/categories?post=14461"},{"taxonomy":"post_tag","embeddable":true,"href":"http:\/\/www.rincondelbulla.cl\/portal\/wp-json\/wp\/v2\/tags?post=14461"}],"curies":[{"name":"wp","href":"https:\/\/api.w.org\/{rel}","templated":true}]}}