{"id":14532,"date":"2018-04-30T16:39:12","date_gmt":"2018-04-30T20:39:12","guid":{"rendered":"http:\/\/www.rincondelbulla.cl\/portal\/?p=14532"},"modified":"2018-04-30T16:44:12","modified_gmt":"2018-04-30T20:44:12","slug":"venta-de-entradas-ohiggins-da-a-conocer-fechas-y-valores-para-este-domingo","status":"publish","type":"post","link":"http:\/\/www.rincondelbulla.cl\/portal\/2018\/04\/30\/venta-de-entradas-ohiggins-da-a-conocer-fechas-y-valores-para-este-domingo\/","title":{"rendered":"[Venta de Entradas] O&#8217;Higgins da a conocer fechas y valores para este domingo"},"content":{"rendered":"<p><img loading=\"lazy\" decoding=\"async\" class=\"alignnone size-full wp-image-12550\" src=\"http:\/\/www.rincondelbulla.cl\/portal\/wp-content\/uploads\/2017\/09\/Pinilla.jpg\" alt=\"\" width=\"900\" height=\"601\" srcset=\"http:\/\/www.rincondelbulla.cl\/portal\/wp-content\/uploads\/2017\/09\/Pinilla.jpg 900w, http:\/\/www.rincondelbulla.cl\/portal\/wp-content\/uploads\/2017\/09\/Pinilla-300x200.jpg 300w, http:\/\/www.rincondelbulla.cl\/portal\/wp-content\/uploads\/2017\/09\/Pinilla-768x513.jpg 768w, http:\/\/www.rincondelbulla.cl\/portal\/wp-content\/uploads\/2017\/09\/Pinilla-696x465.jpg 696w, http:\/\/www.rincondelbulla.cl\/portal\/wp-content\/uploads\/2017\/09\/Pinilla-629x420.jpg 629w\" sizes=\"auto, (max-width: 900px) 100vw, 900px\" \/><strong>El club de la Regi\u00f3n de O&#8217;Higgins inform\u00f3 la tarde de este lunes los precios y modalidad de la venta.<\/strong><!--more-->Este viernes 4 de mayo, desde las 10:00 hrs., se pondr\u00e1n a la venta las entradas destinadas a los hinchas de la \u00abU\u00bb para el partido de este fin de semana entre celestes y azules.<\/p>\n<p>O&#8217;Higgins inform\u00f3 que a trav\u00e9s de su sitio web www.ohiticket.cl se pondr\u00e1n a disposici\u00f3n de los fan\u00e1ticos un n\u00famero a\u00fan indeterminados de entradas, correspondiente a la Galer\u00eda Rengo. Los precios ser\u00e1 de $6.000 adultos y $3.000 ni\u00f1os.<\/p>\n<p><img loading=\"lazy\" decoding=\"async\" class=\"alignnone size-full wp-image-14533\" src=\"http:\/\/www.rincondelbulla.cl\/portal\/wp-content\/uploads\/2018\/04\/VALORES-DE-LAS-ENTRADAS-1280x720-UC-FECHA-12.jpg\" alt=\"\" width=\"1280\" height=\"720\" srcset=\"http:\/\/www.rincondelbulla.cl\/portal\/wp-content\/uploads\/2018\/04\/VALORES-DE-LAS-ENTRADAS-1280x720-UC-FECHA-12.jpg 1280w, http:\/\/www.rincondelbulla.cl\/portal\/wp-content\/uploads\/2018\/04\/VALORES-DE-LAS-ENTRADAS-1280x720-UC-FECHA-12-300x169.jpg 300w, http:\/\/www.rincondelbulla.cl\/portal\/wp-content\/uploads\/2018\/04\/VALORES-DE-LAS-ENTRADAS-1280x720-UC-FECHA-12-768x432.jpg 768w, http:\/\/www.rincondelbulla.cl\/portal\/wp-content\/uploads\/2018\/04\/VALORES-DE-LAS-ENTRADAS-1280x720-UC-FECHA-12-1200x675.jpg 1200w, http:\/\/www.rincondelbulla.cl\/portal\/wp-content\/uploads\/2018\/04\/VALORES-DE-LAS-ENTRADAS-1280x720-UC-FECHA-12-696x392.jpg 696w, http:\/\/www.rincondelbulla.cl\/portal\/wp-content\/uploads\/2018\/04\/VALORES-DE-LAS-ENTRADAS-1280x720-UC-FECHA-12-1068x601.jpg 1068w, http:\/\/www.rincondelbulla.cl\/portal\/wp-content\/uploads\/2018\/04\/VALORES-DE-LAS-ENTRADAS-1280x720-UC-FECHA-12-747x420.jpg 747w\" sizes=\"auto, (max-width: 1280px) 100vw, 1280px\" \/>O&#8217;Higgins y Universidad de Chile se ver\u00e1n las caras el domingo 6 de mayo, al mediod\u00eda en el Estadio El Teniente de Rancagua.<\/p>\n","protected":false},"excerpt":{"rendered":"<p>El club de la Regi\u00f3n de O&#8217;Higgins inform\u00f3 la tarde de este lunes los precios y modalidad de la venta.<\/p>\n","protected":false},"author":21382,"featured_media":12550,"comment_status":"closed","ping_status":"open","sticky":false,"template":"","format":"standard","meta":{"footnotes":""},"categories":[18],"tags":[454,133,157,444,294,156,83],"class_list":{"0":"post-14532","1":"post","2":"type-post","3":"status-publish","4":"format-standard","5":"has-post-thumbnail","7":"category-actualidad","8":"tag-actualidad","9":"tag-ohiggins","10":"tag-portada","11":"tag-rancagua","12":"tag-u-de-chile","13":"tag-universidad-de-chile","14":"tag-venta-de-entradas"},"_links":{"self":[{"href":"http:\/\/www.rincondelbulla.cl\/portal\/wp-json\/wp\/v2\/posts\/14532","targetHints":{"allow":["GET"]}}],"collection":[{"href":"http:\/\/www.rincondelbulla.cl\/portal\/wp-json\/wp\/v2\/posts"}],"about":[{"href":"http:\/\/www.rincondelbulla.cl\/portal\/wp-json\/wp\/v2\/types\/post"}],"author":[{"embeddable":true,"href":"http:\/\/www.rincondelbulla.cl\/portal\/wp-json\/wp\/v2\/users\/21382"}],"replies":[{"embeddable":true,"href":"http:\/\/www.rincondelbulla.cl\/portal\/wp-json\/wp\/v2\/comments?post=14532"}],"version-history":[{"count":3,"href":"http:\/\/www.rincondelbulla.cl\/portal\/wp-json\/wp\/v2\/posts\/14532\/revisions"}],"predecessor-version":[{"id":14537,"href":"http:\/\/www.rincondelbulla.cl\/portal\/wp-json\/wp\/v2\/posts\/14532\/revisions\/14537"}],"wp:featuredmedia":[{"embeddable":true,"href":"http:\/\/www.rincondelbulla.cl\/portal\/wp-json\/wp\/v2\/media\/12550"}],"wp:attachment":[{"href":"http:\/\/www.rincondelbulla.cl\/portal\/wp-json\/wp\/v2\/media?parent=14532"}],"wp:term":[{"taxonomy":"category","embeddable":true,"href":"http:\/\/www.rincondelbulla.cl\/portal\/wp-json\/wp\/v2\/categories?post=14532"},{"taxonomy":"post_tag","embeddable":true,"href":"http:\/\/www.rincondelbulla.cl\/portal\/wp-json\/wp\/v2\/tags?post=14532"}],"curies":[{"name":"wp","href":"https:\/\/api.w.org\/{rel}","templated":true}]}}