{"id":14538,"date":"2018-05-02T09:40:26","date_gmt":"2018-05-02T13:40:26","guid":{"rendered":"http:\/\/www.rincondelbulla.cl\/portal\/?p=14538"},"modified":"2018-05-02T09:40:26","modified_gmt":"2018-05-02T13:40:26","slug":"la-u-viajo-con-mas-ilusion-que-nunca","status":"publish","type":"post","link":"http:\/\/www.rincondelbulla.cl\/portal\/2018\/05\/02\/la-u-viajo-con-mas-ilusion-que-nunca\/","title":{"rendered":"La \u00abU\u00bb viaj\u00f3 con m\u00e1s ilusi\u00f3n que nunca"},"content":{"rendered":"<p><img loading=\"lazy\" decoding=\"async\" class=\"alignnone size-full wp-image-14076\" src=\"http:\/\/www.rincondelbulla.cl\/portal\/wp-content\/uploads\/2018\/03\/Mauricio-Pinilla-post-Antofagasta.jpg\" alt=\"\" width=\"1244\" height=\"700\" srcset=\"http:\/\/www.rincondelbulla.cl\/portal\/wp-content\/uploads\/2018\/03\/Mauricio-Pinilla-post-Antofagasta.jpg 1244w, http:\/\/www.rincondelbulla.cl\/portal\/wp-content\/uploads\/2018\/03\/Mauricio-Pinilla-post-Antofagasta-300x169.jpg 300w, http:\/\/www.rincondelbulla.cl\/portal\/wp-content\/uploads\/2018\/03\/Mauricio-Pinilla-post-Antofagasta-768x432.jpg 768w, http:\/\/www.rincondelbulla.cl\/portal\/wp-content\/uploads\/2018\/03\/Mauricio-Pinilla-post-Antofagasta-1200x675.jpg 1200w, http:\/\/www.rincondelbulla.cl\/portal\/wp-content\/uploads\/2018\/03\/Mauricio-Pinilla-post-Antofagasta-696x392.jpg 696w, http:\/\/www.rincondelbulla.cl\/portal\/wp-content\/uploads\/2018\/03\/Mauricio-Pinilla-post-Antofagasta-1068x601.jpg 1068w, http:\/\/www.rincondelbulla.cl\/portal\/wp-content\/uploads\/2018\/03\/Mauricio-Pinilla-post-Antofagasta-746x420.jpg 746w\" sizes=\"auto, (max-width: 1244px) 100vw, 1244px\" \/><\/p>\n<p><strong>Con bajas por lesi\u00f3n y expulsi\u00f3n, el cuadro laico ya estaen Argentina.<\/strong><!--more--><\/p>\n<p>Las cuatro derrotas en seguidilla entre el Torneo Nacional y Copa Libertadores han dolido de sobremanera en el plantel, pero para seguir con vida en ambas competencias hay que abstraerse de aquello.<\/p>\n<p>De esa manera viaj\u00f3 la \u00abU\u00bb a Buenos Aires, para enfrentar ma\u00f1ana a a Racing por la pen\u00faltima fecha de la fase de grupos.<\/p>\n<p>En la previa del vuelo fue el capit\u00e1n Johnny Herrera quien sac\u00f3 la voz. \u00abSomos un equipo grande y obviamente tenemos que ir a buscar el resultado, Dios quiera se nos d\u00e9\u201c.<\/p>\n<p>Sobre c\u00f3mo salir de este mal momento su respuesta fue de que \u201ccon f\u00fatbol y obteniendo el resultado, es el \u00fanico remedio que conozco\u201d. Adem\u00e1s agreg\u00f3 que su dolencia a la espalda \u201cest\u00e1 bien, ah\u00ed estamos\u201c.<\/p>\n<p>Otro que tambien es habitual con los micr\u00f3fonos es Mauricio Pinilla, qui\u00e9n habl\u00f3 de este crucial partido. \u00abSer\u00eda lo ideal (ganar), pero vamos con la fe intacta. Seguimos vivos en el grupo que yo creo que se va a decidir en la \u00faltima fecha. Vamos con toda la ilusi\u00f3n de conseguir un buen resultado all\u00e1\u00bb, expres\u00f3 el delantero.<\/p>\n<p>\u00abNo nos vamos a defender, vamos a plantear un partido como los \u00faltimos encuentros buenos que hicimos en la Copa, sin contar el de Belo Horizonte. Si estamos finos y no nos desconcentramos creo que tenemos buenos posibilidades de hacer un lindo partido\u00bb, agreg\u00f3 sobre c\u00f3mo plantearse en el Cilindro.<\/p>\n<p>Pinilla tuvo tiempo para tocar el tiempo de lo que deberia ser el nuevo DT. \u00abNecesitamos tener la estabilidad con una persona que nos venga a guiar en este proceso complicado. Estamos cuadrados con Esteban y C\u00e9sar. Hay que ayudarlos, como ellos nos dan la mano ahora a nosotros\u00bb, finalizo.<\/p>\n","protected":false},"excerpt":{"rendered":"<p>Con bajas por lesi\u00f3n y expulsi\u00f3n, el cuadro laico ya estaen Argentina.<\/p>\n","protected":false},"author":21398,"featured_media":14305,"comment_status":"closed","ping_status":"open","sticky":false,"template":"","format":"standard","meta":{"footnotes":""},"categories":[18],"tags":[454,128,41,102,631,1443,294],"class_list":{"0":"post-14538","1":"post","2":"type-post","3":"status-publish","4":"format-standard","5":"has-post-thumbnail","7":"category-actualidad","8":"tag-actualidad","9":"tag-copa-libertadores","10":"tag-johnny-herrera","11":"tag-los-de-abajo","12":"tag-mauricio-pinilla","13":"tag-racing","14":"tag-u-de-chile"},"_links":{"self":[{"href":"http:\/\/www.rincondelbulla.cl\/portal\/wp-json\/wp\/v2\/posts\/14538","targetHints":{"allow":["GET"]}}],"collection":[{"href":"http:\/\/www.rincondelbulla.cl\/portal\/wp-json\/wp\/v2\/posts"}],"about":[{"href":"http:\/\/www.rincondelbulla.cl\/portal\/wp-json\/wp\/v2\/types\/post"}],"author":[{"embeddable":true,"href":"http:\/\/www.rincondelbulla.cl\/portal\/wp-json\/wp\/v2\/users\/21398"}],"replies":[{"embeddable":true,"href":"http:\/\/www.rincondelbulla.cl\/portal\/wp-json\/wp\/v2\/comments?post=14538"}],"version-history":[{"count":1,"href":"http:\/\/www.rincondelbulla.cl\/portal\/wp-json\/wp\/v2\/posts\/14538\/revisions"}],"predecessor-version":[{"id":14539,"href":"http:\/\/www.rincondelbulla.cl\/portal\/wp-json\/wp\/v2\/posts\/14538\/revisions\/14539"}],"wp:featuredmedia":[{"embeddable":true,"href":"http:\/\/www.rincondelbulla.cl\/portal\/wp-json\/wp\/v2\/media\/14305"}],"wp:attachment":[{"href":"http:\/\/www.rincondelbulla.cl\/portal\/wp-json\/wp\/v2\/media?parent=14538"}],"wp:term":[{"taxonomy":"category","embeddable":true,"href":"http:\/\/www.rincondelbulla.cl\/portal\/wp-json\/wp\/v2\/categories?post=14538"},{"taxonomy":"post_tag","embeddable":true,"href":"http:\/\/www.rincondelbulla.cl\/portal\/wp-json\/wp\/v2\/tags?post=14538"}],"curies":[{"name":"wp","href":"https:\/\/api.w.org\/{rel}","templated":true}]}}