{"id":14540,"date":"2018-05-02T13:57:25","date_gmt":"2018-05-02T17:57:25","guid":{"rendered":"http:\/\/www.rincondelbulla.cl\/portal\/?p=14540"},"modified":"2018-05-02T15:01:36","modified_gmt":"2018-05-02T19:01:36","slug":"14540","status":"publish","type":"post","link":"http:\/\/www.rincondelbulla.cl\/portal\/2018\/05\/02\/14540\/","title":{"rendered":"Valencia en la previa a Racing: \u201cUn resultado positivo ayudar\u00eda a salir de esta situaci\u00f3n\u00bb"},"content":{"rendered":"<figure id=\"attachment_14541\" aria-describedby=\"caption-attachment-14541\" style=\"width: 960px\" class=\"wp-caption alignnone\"><img loading=\"lazy\" decoding=\"async\" class=\"size-full wp-image-14541\" src=\"http:\/\/www.rincondelbulla.cl\/portal\/wp-content\/uploads\/2018\/05\/Esteban-Huevo-Valencia.jpg\" alt=\"\" width=\"960\" height=\"704\" srcset=\"http:\/\/www.rincondelbulla.cl\/portal\/wp-content\/uploads\/2018\/05\/Esteban-Huevo-Valencia.jpg 960w, http:\/\/www.rincondelbulla.cl\/portal\/wp-content\/uploads\/2018\/05\/Esteban-Huevo-Valencia-300x220.jpg 300w, http:\/\/www.rincondelbulla.cl\/portal\/wp-content\/uploads\/2018\/05\/Esteban-Huevo-Valencia-768x563.jpg 768w, http:\/\/www.rincondelbulla.cl\/portal\/wp-content\/uploads\/2018\/05\/Esteban-Huevo-Valencia-80x60.jpg 80w, http:\/\/www.rincondelbulla.cl\/portal\/wp-content\/uploads\/2018\/05\/Esteban-Huevo-Valencia-696x510.jpg 696w, http:\/\/www.rincondelbulla.cl\/portal\/wp-content\/uploads\/2018\/05\/Esteban-Huevo-Valencia-573x420.jpg 573w\" sizes=\"auto, (max-width: 960px) 100vw, 960px\" \/><figcaption id=\"caption-attachment-14541\" class=\"wp-caption-text\">Foto: www.udechile.cl<\/figcaption><\/figure>\n<p><strong>El \u201cHuevo\u201d, que fue habilitado para poder dirigir a la \u201cU\u201d y har\u00e1 su debut en la Copa Conmebol Libertadores, adelant\u00f3 c\u00f3mo enfrentar\u00e1n el trascendental partido.<\/strong><!--more--><\/p>\n<p>Tras solucionar los temas administrativos que no le permitieron dirigir ante Universidad de Concepci\u00f3n, Esteban Valencia habl\u00f3 desde Buenos Aires en la antesala del partido entre Racing de Avellaneda y Universidad de Chile de este jueves.<\/p>\n<p>Sobre la forma en que el equipo afrontar\u00e1 el cotejo, el \u201cHuevo\u201d indic\u00f3 que <strong>\u201cvamos a tratar de plantear un partido inteligente, defendernos de buena forma, y que las transiciones sean r\u00e1pidas para nosotros hacerles da\u00f1o. Ellos dejar\u00e1n espacios y tendremos chances\u00bb<\/strong>. Consultado sobre c\u00f3mo visualiza el planteamiento a utilizar por su escuadra, el DT agreg\u00f3 que <strong>\u00abbuscamos que protagonice, tenga un buen trato de bal\u00f3n y que sea equilibrado en todas las l\u00edneas\u201d<\/strong>.<\/p>\n<p>Valencia sabe que este partido puede ser el punto de inflexi\u00f3n que permitir\u00eda salir de la mala racha que atraviesan los azules. <strong>\u00abUn resultado positivo ayudar\u00eda mucho a salir r\u00e1pido de esta situaci\u00f3n. Est\u00e1 la voluntad y actitud del equipo para sacar esto adelante\u00bb<\/strong>, explic\u00f3.<\/p>\n<p>Con respecto si en los pocos d\u00edas que ha estado al mando del plantel se ha trabajado en lo an\u00edmico, el ex volante indic\u00f3 que se ha sido tratado junto al plantel para retomar la confianza y que eso se ha visto reflejado en los entrenamientos. <strong>\u00abAl jugador no se le puede olvidar a jugar. Hay que hacer un recordatorio de lo que ven\u00edan haciendo. Nosotros le damos un cierto orden y apelamos a la calidad y jerarqu\u00eda de muchos de ellos\u00bb<\/strong>, resumi\u00f3.<\/p>\n<p>Finalmente, consultado por la lesi\u00f3n de \u00faltima hora de Yeferson Soteldo, Valencia reconoci\u00f3 que es un problema pero que conf\u00eda en que podr\u00e1 ser subsanada su ausencia. <strong>\u00abNo hay mucho reemplazante en el equipo para Soteldo, pero buscaremos la mejor alternativa para suplirlo\u00bb<\/strong>, asegur\u00f3.<\/p>\n","protected":false},"excerpt":{"rendered":"<p>El \u201cHuevo\u201d, que fue habilitado para poder dirigir a la \u201cU\u201d y har\u00e1 su debut en la Copa Conmebol Libertadores, adelant\u00f3 c\u00f3mo enfrentar\u00e1n el trascendental partido.<\/p>\n","protected":false},"author":21382,"featured_media":14541,"comment_status":"closed","ping_status":"open","sticky":false,"template":"","format":"standard","meta":{"footnotes":""},"categories":[18],"tags":[454,1409,1257,1463,157,1407,294,156],"class_list":{"0":"post-14540","1":"post","2":"type-post","3":"status-publish","4":"format-standard","5":"has-post-thumbnail","7":"category-actualidad","8":"tag-actualidad","9":"tag-conmebol-libertadores-2018","10":"tag-copa-conmebol-libertadores-2018","11":"tag-esteban-valencia","12":"tag-portada","13":"tag-racing-de-avellaneda","14":"tag-u-de-chile","15":"tag-universidad-de-chile"},"_links":{"self":[{"href":"http:\/\/www.rincondelbulla.cl\/portal\/wp-json\/wp\/v2\/posts\/14540","targetHints":{"allow":["GET"]}}],"collection":[{"href":"http:\/\/www.rincondelbulla.cl\/portal\/wp-json\/wp\/v2\/posts"}],"about":[{"href":"http:\/\/www.rincondelbulla.cl\/portal\/wp-json\/wp\/v2\/types\/post"}],"author":[{"embeddable":true,"href":"http:\/\/www.rincondelbulla.cl\/portal\/wp-json\/wp\/v2\/users\/21382"}],"replies":[{"embeddable":true,"href":"http:\/\/www.rincondelbulla.cl\/portal\/wp-json\/wp\/v2\/comments?post=14540"}],"version-history":[{"count":5,"href":"http:\/\/www.rincondelbulla.cl\/portal\/wp-json\/wp\/v2\/posts\/14540\/revisions"}],"predecessor-version":[{"id":14546,"href":"http:\/\/www.rincondelbulla.cl\/portal\/wp-json\/wp\/v2\/posts\/14540\/revisions\/14546"}],"wp:featuredmedia":[{"embeddable":true,"href":"http:\/\/www.rincondelbulla.cl\/portal\/wp-json\/wp\/v2\/media\/14541"}],"wp:attachment":[{"href":"http:\/\/www.rincondelbulla.cl\/portal\/wp-json\/wp\/v2\/media?parent=14540"}],"wp:term":[{"taxonomy":"category","embeddable":true,"href":"http:\/\/www.rincondelbulla.cl\/portal\/wp-json\/wp\/v2\/categories?post=14540"},{"taxonomy":"post_tag","embeddable":true,"href":"http:\/\/www.rincondelbulla.cl\/portal\/wp-json\/wp\/v2\/tags?post=14540"}],"curies":[{"name":"wp","href":"https:\/\/api.w.org\/{rel}","templated":true}]}}