{"id":14606,"date":"2018-05-09T23:19:53","date_gmt":"2018-05-10T03:19:53","guid":{"rendered":"http:\/\/www.rincondelbulla.cl\/portal\/?p=14606"},"modified":"2018-05-09T23:19:53","modified_gmt":"2018-05-10T03:19:53","slug":"asi-se-viene-la-segunda-rueda-del-torneo-para-la-u","status":"publish","type":"post","link":"http:\/\/www.rincondelbulla.cl\/portal\/2018\/05\/09\/asi-se-viene-la-segunda-rueda-del-torneo-para-la-u\/","title":{"rendered":"As\u00ed se viene la segunda rueda del torneo para la \u00abU\u00bb"},"content":{"rendered":"<figure id=\"attachment_14230\" aria-describedby=\"caption-attachment-14230\" style=\"width: 3638px\" class=\"wp-caption alignnone\"><img loading=\"lazy\" decoding=\"async\" class=\"size-full wp-image-14230\" src=\"http:\/\/www.rincondelbulla.cl\/portal\/wp-content\/uploads\/2018\/03\/Lolo.jpg\" alt=\"\" width=\"3638\" height=\"2425\" srcset=\"http:\/\/www.rincondelbulla.cl\/portal\/wp-content\/uploads\/2018\/03\/Lolo.jpg 3638w, http:\/\/www.rincondelbulla.cl\/portal\/wp-content\/uploads\/2018\/03\/Lolo-300x200.jpg 300w, http:\/\/www.rincondelbulla.cl\/portal\/wp-content\/uploads\/2018\/03\/Lolo-768x512.jpg 768w, http:\/\/www.rincondelbulla.cl\/portal\/wp-content\/uploads\/2018\/03\/Lolo-1200x800.jpg 1200w, http:\/\/www.rincondelbulla.cl\/portal\/wp-content\/uploads\/2018\/03\/Lolo-696x464.jpg 696w, http:\/\/www.rincondelbulla.cl\/portal\/wp-content\/uploads\/2018\/03\/Lolo-1068x712.jpg 1068w, http:\/\/www.rincondelbulla.cl\/portal\/wp-content\/uploads\/2018\/03\/Lolo-630x420.jpg 630w\" sizes=\"auto, (max-width: 3638px) 100vw, 3638px\" \/><figcaption id=\"caption-attachment-14230\" class=\"wp-caption-text\">Raul Zamora\/Photosport<\/figcaption><\/figure>\n<p><strong>La ANFP entreg\u00f3 la programaci\u00f3n para la segunda parte del torneo.<\/strong><!--more--><\/p>\n<p>El torneo nacional comienza a acabar su primera patita, y desde la ANFP, organizadores del f\u00fatbol nacional entregaron lo que ser\u00e1 el segundo semestre.<\/p>\n<p>La \u00abU\u00bb arrancar\u00e1 de local frente a Huachipato el 21-22 de julio. <strong>El Supercl\u00e1sico se jugar\u00e1 el 25-26 de agosto en el Estadio Monumental y el Cl\u00e1sico Universitario el 27-28 de octubre en el Estadio Nacional<\/strong>.<\/p>\n<p>Seg\u00fan se\u00f1ala el calendario entregado entre el 2 y 22 de septiembre ser\u00e1 el primer receso, el que se repetir\u00e1 entre el 7 y 20 de octubre, y entre el 4 y 24 de noviembre.<\/p>\n<p>A continuaci\u00f3n revisa todos los partidos que disputara la \u00abU\u00bb por el Campeonato Nacional.<\/p>\n<table style=\"width: 494px;\">\n<tbody>\n<tr>\n<td style=\"width: 95px; text-align: center;\">FECHA<\/td>\n<td style=\"width: 89px; text-align: center;\">LOCAL<\/td>\n<td style=\"width: 27px; text-align: center;\">VISITA<\/td>\n<\/tr>\n<tr>\n<td style=\"width: 95px;\">21-22 Julio<\/td>\n<td style=\"width: 89px;\">U. de Chile<\/td>\n<td style=\"width: 27px;\">Huachipato<\/td>\n<\/tr>\n<tr>\n<td style=\"width: 95px;\">28-29 Julio<\/td>\n<td style=\"width: 89px;\">Antofagasta<\/td>\n<td style=\"width: 27px;\">U. de Chile<\/td>\n<\/tr>\n<tr>\n<td style=\"width: 95px;\">4-5 Agosto<\/td>\n<td style=\"width: 89px;\">U. de Chile<\/td>\n<td style=\"width: 27px;\">Audax Italiano<\/td>\n<\/tr>\n<tr>\n<td style=\"width: 95px;\">11-12 Agosto<\/td>\n<td style=\"width: 89px;\">Uni\u00f3n Espa\u00f1ola<\/td>\n<td style=\"width: 27px;\">U. de Chile<\/td>\n<\/tr>\n<tr>\n<td style=\"width: 95px;\">18-19 Agosto<\/td>\n<td style=\"width: 89px;\">U. de Chile<\/td>\n<td style=\"width: 27px;\">O&#8217;Higgins<\/td>\n<\/tr>\n<tr>\n<td style=\"width: 95px;\"><strong>25-26 Agosto<\/strong><\/td>\n<td style=\"width: 89px;\"><strong>Colo Colo<\/strong><\/td>\n<td style=\"width: 27px;\"><strong>U. de Chile<\/strong><\/td>\n<\/tr>\n<tr>\n<td style=\"width: 95px;\">1-2 Septiembre<\/td>\n<td style=\"width: 89px;\">U. de Chile<\/td>\n<td style=\"width: 27px;\">Temuco<\/td>\n<\/tr>\n<tr>\n<td style=\"width: 95px;\">22-23 Septiembre<\/td>\n<td style=\"width: 89px;\">U. de Concepci\u00f3n<\/td>\n<td style=\"width: 27px;\">U. de Chile<\/td>\n<\/tr>\n<tr>\n<td style=\"width: 95px;\">29-30 Septiembre<\/td>\n<td style=\"width: 89px;\">U. de Chile<\/td>\n<td style=\"width: 27px;\">Uni\u00f3n La Calera<\/td>\n<\/tr>\n<tr>\n<td style=\"width: 95px;\">6-7 Octubre<\/td>\n<td style=\"width: 89px;\">Palestino<\/td>\n<td style=\"width: 27px;\">U de Chile<\/td>\n<\/tr>\n<tr>\n<td style=\"width: 95px;\">20-21 Octubre<\/td>\n<td style=\"width: 89px;\">U. de Chile<\/td>\n<td style=\"width: 27px;\">Everton<\/td>\n<\/tr>\n<tr>\n<td style=\"width: 95px;\"><strong>27-28 Octubre<\/strong><\/td>\n<td style=\"width: 89px;\"><strong>U. de Chile<\/strong><\/td>\n<td style=\"width: 27px;\"><strong>U. Cat\u00f3lica<\/strong><\/td>\n<\/tr>\n<tr>\n<td style=\"width: 95px;\">3-4 Noviembre<\/td>\n<td style=\"width: 89px;\">San Luis<\/td>\n<td style=\"width: 27px;\">U. de Chile<\/td>\n<\/tr>\n<tr>\n<td style=\"width: 95px;\">24-25 Noviembre<\/td>\n<td style=\"width: 89px;\">U. de Chile<\/td>\n<td style=\"width: 27px;\">D. Iquique<\/td>\n<\/tr>\n<tr>\n<td style=\"width: 95px;\">1-2 Diciembre<\/td>\n<td style=\"width: 89px;\">Curic\u00f3<\/td>\n<td style=\"width: 27px;\">U. de Chile<\/td>\n<\/tr>\n<\/tbody>\n<\/table>\n","protected":false},"excerpt":{"rendered":"<p>La ANFP entreg\u00f3 la programaci\u00f3n para la segunda parte del torneo.<\/p>\n","protected":false},"author":21398,"featured_media":14230,"comment_status":"closed","ping_status":"open","sticky":false,"template":"","format":"standard","meta":{"footnotes":""},"categories":[18],"tags":[454,71,102,1471,44,294],"class_list":{"0":"post-14606","1":"post","2":"type-post","3":"status-publish","4":"format-standard","5":"has-post-thumbnail","7":"category-actualidad","8":"tag-actualidad","9":"tag-clasico-universitario","10":"tag-los-de-abajo","11":"tag-semestre","12":"tag-superclasico","13":"tag-u-de-chile"},"_links":{"self":[{"href":"http:\/\/www.rincondelbulla.cl\/portal\/wp-json\/wp\/v2\/posts\/14606","targetHints":{"allow":["GET"]}}],"collection":[{"href":"http:\/\/www.rincondelbulla.cl\/portal\/wp-json\/wp\/v2\/posts"}],"about":[{"href":"http:\/\/www.rincondelbulla.cl\/portal\/wp-json\/wp\/v2\/types\/post"}],"author":[{"embeddable":true,"href":"http:\/\/www.rincondelbulla.cl\/portal\/wp-json\/wp\/v2\/users\/21398"}],"replies":[{"embeddable":true,"href":"http:\/\/www.rincondelbulla.cl\/portal\/wp-json\/wp\/v2\/comments?post=14606"}],"version-history":[{"count":1,"href":"http:\/\/www.rincondelbulla.cl\/portal\/wp-json\/wp\/v2\/posts\/14606\/revisions"}],"predecessor-version":[{"id":14607,"href":"http:\/\/www.rincondelbulla.cl\/portal\/wp-json\/wp\/v2\/posts\/14606\/revisions\/14607"}],"wp:featuredmedia":[{"embeddable":true,"href":"http:\/\/www.rincondelbulla.cl\/portal\/wp-json\/wp\/v2\/media\/14230"}],"wp:attachment":[{"href":"http:\/\/www.rincondelbulla.cl\/portal\/wp-json\/wp\/v2\/media?parent=14606"}],"wp:term":[{"taxonomy":"category","embeddable":true,"href":"http:\/\/www.rincondelbulla.cl\/portal\/wp-json\/wp\/v2\/categories?post=14606"},{"taxonomy":"post_tag","embeddable":true,"href":"http:\/\/www.rincondelbulla.cl\/portal\/wp-json\/wp\/v2\/tags?post=14606"}],"curies":[{"name":"wp","href":"https:\/\/api.w.org\/{rel}","templated":true}]}}