{"id":14660,"date":"2018-05-17T20:01:18","date_gmt":"2018-05-18T00:01:18","guid":{"rendered":"http:\/\/www.rincondelbulla.cl\/portal\/?p=14660"},"modified":"2018-05-17T20:11:20","modified_gmt":"2018-05-18T00:11:20","slug":"matias-ya-se-resigna-a-partir","status":"publish","type":"post","link":"http:\/\/www.rincondelbulla.cl\/portal\/2018\/05\/17\/matias-ya-se-resigna-a-partir\/","title":{"rendered":"Mat\u00edas ya se resigna a partir"},"content":{"rendered":"<p><img loading=\"lazy\" decoding=\"async\" class=\"alignnone size-full wp-image-11971\" src=\"http:\/\/www.rincondelbulla.cl\/portal\/wp-content\/uploads\/2017\/08\/Matias-Rodr\u00edguez.jpg\" alt=\"\" width=\"1000\" height=\"667\" srcset=\"http:\/\/www.rincondelbulla.cl\/portal\/wp-content\/uploads\/2017\/08\/Matias-Rodr\u00edguez.jpg 1000w, http:\/\/www.rincondelbulla.cl\/portal\/wp-content\/uploads\/2017\/08\/Matias-Rodr\u00edguez-300x200.jpg 300w, http:\/\/www.rincondelbulla.cl\/portal\/wp-content\/uploads\/2017\/08\/Matias-Rodr\u00edguez-768x512.jpg 768w, http:\/\/www.rincondelbulla.cl\/portal\/wp-content\/uploads\/2017\/08\/Matias-Rodr\u00edguez-696x464.jpg 696w, http:\/\/www.rincondelbulla.cl\/portal\/wp-content\/uploads\/2017\/08\/Matias-Rodr\u00edguez-630x420.jpg 630w\" sizes=\"auto, (max-width: 1000px) 100vw, 1000px\" \/><\/p>\n<p><strong>En conversaci\u00f3n con Radio Cooperativa, el lateral reconoci\u00f3 que el futuro en los Azules no se ve auspicioso.\u00a0<\/strong><!--more--><\/p>\n<p>El adi\u00f3s de Mat\u00edas Rodr\u00edguez de Universidad de Chile se viene rumoreando hace d\u00edas y al parecer esta cada vez m\u00e1s cerca.<\/p>\n<p>Con un contrato que vence a mediados de este 2018, el lateral no ha escindido sus deseos de continuar un tiempo m\u00e1s y retirarse del f\u00fatbol defendiendo la camiseta azul.<\/p>\n<p>Sin embargo, la dirigencia de Azul Azul no comparte esta idea y habr\u00eda decidido no extender el v\u00ednculo, por lo que Mat\u00edas deber\u00eda ser una de las bajas par el segundo semestre.<\/p>\n<p>En entrevista con Cooperativa, Rodr\u00edguez se refiri\u00f3 al tema y confirm\u00f3 que el escenario no se ve positivo.\u00a0\u201c<strong>Los dirigentes, mi representante y la gente del club, saben los n\u00fameros que se manejan y ellos se encargar\u00e1n de decidir si sigo o no<\/strong>\u201c, dijo el jugador, agregando que\u00a0\u201c<strong>le ped\u00ed a mi agente que me diga si nos quedamos o nos vamos, porque no quiero pensar en eso. <\/strong>Prefer\u00ed aislarme, pero es imposible. Trato de manejarlo de la mejor manera\u201c.<\/p>\n<p>Consultado si la lesi\u00f3n que lo aqueja influye en esta negociaci\u00f3n, Rodr\u00edguez dijo que \u00abno creo que var\u00ede mucho la situaci\u00f3n, obviamente si juego, mucho mejor, pero nosotros venimos hablando hace tiempo y no creo que vaya a variar el tema de la renovaci\u00f3n si juego\u00bb.<\/p>\n<p>Sobre c\u00f3mo ve estos pr\u00f3ximos partidos, que pueden ser los \u00faltimos vistiendo la camiseta azul, el defensa m\u00e1s golador en la historia de \u00abU\u00bb asegur\u00f3 que \u00ab<strong>lamentablemente un accidente me deja sin la opci\u00f3n de jugar, pero estoy tratando de recuperarme de la mejor manera y ver si existe la posibilidad de estar el martes contra Vasco<\/strong> y despu\u00e9s ante Huachipato. Ojal\u00e1 estar en alguno de los dos partidos\u201c.<\/p>\n<p>Ante los rumores que situar\u00eda a Mauricio Isla como su potencial reemplazante, Mat\u00edas Rodr\u00edguez no dudo en alabar al seleccionado chileno. \u201c<strong>No me parece mal que busquen a Isla o al que sea. Mauricio es un gran jugador y le dar\u00eda mucho al club<\/strong>\u201c, asegur\u00f3.<\/p>\n<p>Finalmente, y ante la duda de c\u00f3mo enfrenta los d\u00edas que podr\u00edan ser los del adi\u00f3s, el lateral se sincer\u00f3 y manifest\u00f3 que \u00abmi cabeza est\u00e1 ahora en recuperarme y tratar de terminar de la mejor manera lo que queda de mi contrato\u201c.<\/p>\n","protected":false},"excerpt":{"rendered":"<p>En conversaci\u00f3n con Radio Cooperativa, el lateral reconoci\u00f3 que el futuro en los Azules no se ve auspicioso.\u00a0<\/p>\n","protected":false},"author":21382,"featured_media":11971,"comment_status":"closed","ping_status":"open","sticky":false,"template":"","format":"standard","meta":{"footnotes":""},"categories":[18],"tags":[454,174,65,157,492,294,156],"class_list":{"0":"post-14660","1":"post","2":"type-post","3":"status-publish","4":"format-standard","5":"has-post-thumbnail","7":"category-actualidad","8":"tag-actualidad","9":"tag-azul-azul","10":"tag-matias-rodriguez","11":"tag-portada","12":"tag-radio-cooperativa","13":"tag-u-de-chile","14":"tag-universidad-de-chile"},"_links":{"self":[{"href":"http:\/\/www.rincondelbulla.cl\/portal\/wp-json\/wp\/v2\/posts\/14660","targetHints":{"allow":["GET"]}}],"collection":[{"href":"http:\/\/www.rincondelbulla.cl\/portal\/wp-json\/wp\/v2\/posts"}],"about":[{"href":"http:\/\/www.rincondelbulla.cl\/portal\/wp-json\/wp\/v2\/types\/post"}],"author":[{"embeddable":true,"href":"http:\/\/www.rincondelbulla.cl\/portal\/wp-json\/wp\/v2\/users\/21382"}],"replies":[{"embeddable":true,"href":"http:\/\/www.rincondelbulla.cl\/portal\/wp-json\/wp\/v2\/comments?post=14660"}],"version-history":[{"count":3,"href":"http:\/\/www.rincondelbulla.cl\/portal\/wp-json\/wp\/v2\/posts\/14660\/revisions"}],"predecessor-version":[{"id":14664,"href":"http:\/\/www.rincondelbulla.cl\/portal\/wp-json\/wp\/v2\/posts\/14660\/revisions\/14664"}],"wp:featuredmedia":[{"embeddable":true,"href":"http:\/\/www.rincondelbulla.cl\/portal\/wp-json\/wp\/v2\/media\/11971"}],"wp:attachment":[{"href":"http:\/\/www.rincondelbulla.cl\/portal\/wp-json\/wp\/v2\/media?parent=14660"}],"wp:term":[{"taxonomy":"category","embeddable":true,"href":"http:\/\/www.rincondelbulla.cl\/portal\/wp-json\/wp\/v2\/categories?post=14660"},{"taxonomy":"post_tag","embeddable":true,"href":"http:\/\/www.rincondelbulla.cl\/portal\/wp-json\/wp\/v2\/tags?post=14660"}],"curies":[{"name":"wp","href":"https:\/\/api.w.org\/{rel}","templated":true}]}}