{"id":14717,"date":"2018-05-24T01:02:22","date_gmt":"2018-05-24T05:02:22","guid":{"rendered":"http:\/\/www.rincondelbulla.cl\/portal\/?p=14717"},"modified":"2018-05-24T01:34:17","modified_gmt":"2018-05-24T05:34:17","slug":"cual-es-la-fecha-de-fundacion-de-la-u","status":"publish","type":"post","link":"http:\/\/www.rincondelbulla.cl\/portal\/2018\/05\/24\/cual-es-la-fecha-de-fundacion-de-la-u\/","title":{"rendered":"\u00bfCu\u00e1l es la fecha de fundaci\u00f3n de la \u00abU\u00bb?"},"content":{"rendered":"<p><img loading=\"lazy\" decoding=\"async\" class=\"alignnone size-full wp-image-14719\" src=\"http:\/\/www.rincondelbulla.cl\/portal\/wp-content\/uploads\/2018\/05\/LA-U-1.jpg\" alt=\"\" width=\"770\" height=\"443\" srcset=\"http:\/\/www.rincondelbulla.cl\/portal\/wp-content\/uploads\/2018\/05\/LA-U-1.jpg 770w, http:\/\/www.rincondelbulla.cl\/portal\/wp-content\/uploads\/2018\/05\/LA-U-1-300x173.jpg 300w, http:\/\/www.rincondelbulla.cl\/portal\/wp-content\/uploads\/2018\/05\/LA-U-1-768x442.jpg 768w, http:\/\/www.rincondelbulla.cl\/portal\/wp-content\/uploads\/2018\/05\/LA-U-1-696x400.jpg 696w, http:\/\/www.rincondelbulla.cl\/portal\/wp-content\/uploads\/2018\/05\/LA-U-1-730x420.jpg 730w\" sizes=\"auto, (max-width: 770px) 100vw, 770px\" \/><\/p>\n<p><strong>Existe una fecha oficial y otra que proponen los investigadores del libro \u00abToda la <\/strong><strong>historia de la U\u00bb.<\/strong><!--more--><\/p>\n<p>Por largos a\u00f1os el aniversario de la Universidad de Chile se viene conmemorando los <strong>24 de mayo<\/strong>, ya que la fecha \u00aboficial\u00bb de la fundaci\u00f3n del cuadro laico tendr\u00eda data de 1927.<\/p>\n<p>Es justamente esa fecha la que Azul Azul ha utilizado para celebrar cada cumplea\u00f1os, la que conmemora la\u00a0fusi\u00f3n del Internado F\u00fatbol Club, el Club Atl\u00e9tico Universitario y el Club N\u00e1utico Universitario, pero que seg\u00fan investigadores de la historia de la \u00abU\u00bb esta carecer\u00eda de trascendencia.<\/p>\n<p>La fecha de inscripci\u00f3n oficial de la Universidad de Chile en la entidad correspondiente del f\u00fatbol chileno es el <strong>29 de octubre de 1928<\/strong>.<\/p>\n<p>Seg\u00fan Gustavo Villafranca y Roberto Rabi, quienes son los autores del libro \u00abToda la historia de la U\u00bb, la fecha de nacimiento ser\u00eda el <strong>25 de marzo de 1911<\/strong>, cuando estudiantes de medicina de la Casa de Estudios forman un equipo para competir en las ligas profesionales de la capital (Asociaci\u00f3n de Football de Santiago).<\/p>\n<p>Incluso durante la directiva del doctor Ren\u00e9 Orozco se conmemoraron los 85 a\u00f1os de la \u00abU\u00bb (2004) con la fecha del <strong>1 de abril 1919<\/strong> tras investigaci\u00f3n de Ra\u00fal Farf\u00e1n.<\/p>\n<p><strong>Fechas que marcan la historia azul, que abren el debate y la investigaci\u00f3n para la riqu\u00edsima historia de luces y sombras de la Universidad de Chile.<\/strong><\/p>\n<blockquote>\n<p style=\"text-align: center;\"><strong>REVISA LA SIGUIENTES IM\u00c1GENES QUE EVIDENCIAN LAS DISTINTAS FECHAS<\/strong><\/p>\n<\/blockquote>\n<figure id=\"attachment_14729\" aria-describedby=\"caption-attachment-14729\" style=\"width: 1200px\" class=\"wp-caption alignnone\"><img loading=\"lazy\" decoding=\"async\" class=\"size-full wp-image-14729\" src=\"http:\/\/www.rincondelbulla.cl\/portal\/wp-content\/uploads\/2018\/05\/WhatsApp-Image-2018-05-24-at-01.31.05.jpeg\" alt=\"\" width=\"1200\" height=\"1060\" srcset=\"http:\/\/www.rincondelbulla.cl\/portal\/wp-content\/uploads\/2018\/05\/WhatsApp-Image-2018-05-24-at-01.31.05.jpeg 1200w, http:\/\/www.rincondelbulla.cl\/portal\/wp-content\/uploads\/2018\/05\/WhatsApp-Image-2018-05-24-at-01.31.05-300x265.jpeg 300w, http:\/\/www.rincondelbulla.cl\/portal\/wp-content\/uploads\/2018\/05\/WhatsApp-Image-2018-05-24-at-01.31.05-768x678.jpeg 768w, http:\/\/www.rincondelbulla.cl\/portal\/wp-content\/uploads\/2018\/05\/WhatsApp-Image-2018-05-24-at-01.31.05-696x615.jpeg 696w, http:\/\/www.rincondelbulla.cl\/portal\/wp-content\/uploads\/2018\/05\/WhatsApp-Image-2018-05-24-at-01.31.05-1068x943.jpeg 1068w, http:\/\/www.rincondelbulla.cl\/portal\/wp-content\/uploads\/2018\/05\/WhatsApp-Image-2018-05-24-at-01.31.05-475x420.jpeg 475w\" sizes=\"auto, (max-width: 1200px) 100vw, 1200px\" \/><figcaption id=\"caption-attachment-14729\" class=\"wp-caption-text\">Registro de la Revista Barrabases en los a\u00f1os 60, donde se menciona como fundaci\u00f3n el 25 de marzo de 1911.<\/figcaption><\/figure>\n<figure id=\"attachment_14725\" aria-describedby=\"caption-attachment-14725\" style=\"width: 482px\" class=\"wp-caption alignnone\"><img loading=\"lazy\" decoding=\"async\" class=\" wp-image-14725\" src=\"http:\/\/www.rincondelbulla.cl\/portal\/wp-content\/uploads\/2018\/05\/WhatsApp-Image-2018-05-24-at-01.20.15.jpeg\" alt=\"\" width=\"482\" height=\"482\" srcset=\"http:\/\/www.rincondelbulla.cl\/portal\/wp-content\/uploads\/2018\/05\/WhatsApp-Image-2018-05-24-at-01.20.15.jpeg 580w, http:\/\/www.rincondelbulla.cl\/portal\/wp-content\/uploads\/2018\/05\/WhatsApp-Image-2018-05-24-at-01.20.15-150x150.jpeg 150w, http:\/\/www.rincondelbulla.cl\/portal\/wp-content\/uploads\/2018\/05\/WhatsApp-Image-2018-05-24-at-01.20.15-300x300.jpeg 300w, http:\/\/www.rincondelbulla.cl\/portal\/wp-content\/uploads\/2018\/05\/WhatsApp-Image-2018-05-24-at-01.20.15-420x420.jpeg 420w\" sizes=\"auto, (max-width: 482px) 100vw, 482px\" \/><figcaption id=\"caption-attachment-14725\" class=\"wp-caption-text\">Im\u00e1genes de un \u00e1lbum donde se se\u00f1ala como fecha de fundaci\u00f3n el 29 de octubre de 1928<\/figcaption><\/figure>\n<figure id=\"attachment_14724\" aria-describedby=\"caption-attachment-14724\" style=\"width: 640px\" class=\"wp-caption alignnone\"><img loading=\"lazy\" decoding=\"async\" class=\"size-full wp-image-14724\" src=\"http:\/\/www.rincondelbulla.cl\/portal\/wp-content\/uploads\/2018\/05\/WhatsApp-Image-2018-05-24-at-01.20.15-1.jpeg\" alt=\"\" width=\"640\" height=\"420\" srcset=\"http:\/\/www.rincondelbulla.cl\/portal\/wp-content\/uploads\/2018\/05\/WhatsApp-Image-2018-05-24-at-01.20.15-1.jpeg 640w, http:\/\/www.rincondelbulla.cl\/portal\/wp-content\/uploads\/2018\/05\/WhatsApp-Image-2018-05-24-at-01.20.15-1-300x197.jpeg 300w\" sizes=\"auto, (max-width: 640px) 100vw, 640px\" \/><figcaption id=\"caption-attachment-14724\" class=\"wp-caption-text\">En el a\u00f1o 2004 se conmemoraron los \u00ab85 a\u00f1os de la U\u00bb en un evento que ten\u00eda como fecha de fundaci\u00f3n el 1 de abril de 1919.<\/figcaption><\/figure>\n","protected":false},"excerpt":{"rendered":"<p>Existe una fecha oficial y otra que proponen los investigadores del libro \u00abToda la historia de la U\u00bb.<\/p>\n","protected":false},"author":21398,"featured_media":13713,"comment_status":"closed","ping_status":"open","sticky":false,"template":"","format":"standard","meta":{"footnotes":""},"categories":[18],"tags":[1481,764,102,294],"class_list":{"0":"post-14717","1":"post","2":"type-post","3":"status-publish","4":"format-standard","5":"has-post-thumbnail","7":"category-actualidad","8":"tag-91-anos","9":"tag-aniversario","10":"tag-los-de-abajo","11":"tag-u-de-chile"},"_links":{"self":[{"href":"http:\/\/www.rincondelbulla.cl\/portal\/wp-json\/wp\/v2\/posts\/14717","targetHints":{"allow":["GET"]}}],"collection":[{"href":"http:\/\/www.rincondelbulla.cl\/portal\/wp-json\/wp\/v2\/posts"}],"about":[{"href":"http:\/\/www.rincondelbulla.cl\/portal\/wp-json\/wp\/v2\/types\/post"}],"author":[{"embeddable":true,"href":"http:\/\/www.rincondelbulla.cl\/portal\/wp-json\/wp\/v2\/users\/21398"}],"replies":[{"embeddable":true,"href":"http:\/\/www.rincondelbulla.cl\/portal\/wp-json\/wp\/v2\/comments?post=14717"}],"version-history":[{"count":5,"href":"http:\/\/www.rincondelbulla.cl\/portal\/wp-json\/wp\/v2\/posts\/14717\/revisions"}],"predecessor-version":[{"id":14730,"href":"http:\/\/www.rincondelbulla.cl\/portal\/wp-json\/wp\/v2\/posts\/14717\/revisions\/14730"}],"wp:featuredmedia":[{"embeddable":true,"href":"http:\/\/www.rincondelbulla.cl\/portal\/wp-json\/wp\/v2\/media\/13713"}],"wp:attachment":[{"href":"http:\/\/www.rincondelbulla.cl\/portal\/wp-json\/wp\/v2\/media?parent=14717"}],"wp:term":[{"taxonomy":"category","embeddable":true,"href":"http:\/\/www.rincondelbulla.cl\/portal\/wp-json\/wp\/v2\/categories?post=14717"},{"taxonomy":"post_tag","embeddable":true,"href":"http:\/\/www.rincondelbulla.cl\/portal\/wp-json\/wp\/v2\/tags?post=14717"}],"curies":[{"name":"wp","href":"https:\/\/api.w.org\/{rel}","templated":true}]}}