{"id":14723,"date":"2018-05-24T01:29:03","date_gmt":"2018-05-24T05:29:03","guid":{"rendered":"http:\/\/www.rincondelbulla.cl\/portal\/?p=14723"},"modified":"2018-05-24T01:29:03","modified_gmt":"2018-05-24T05:29:03","slug":"frank-dario-kudelka-se-calzaria-el-buzo-de-la-u","status":"publish","type":"post","link":"http:\/\/www.rincondelbulla.cl\/portal\/2018\/05\/24\/frank-dario-kudelka-se-calzaria-el-buzo-de-la-u\/","title":{"rendered":"Frank Dar\u00edo Kudelka se calzar\u00eda el buzo de la \u00abU\u00bb"},"content":{"rendered":"<figure id=\"attachment_14727\" aria-describedby=\"caption-attachment-14727\" style=\"width: 900px\" class=\"wp-caption alignnone\"><img loading=\"lazy\" decoding=\"async\" class=\"size-full wp-image-14727\" src=\"http:\/\/www.rincondelbulla.cl\/portal\/wp-content\/uploads\/2018\/05\/kudelka.jpg\" alt=\"\" width=\"900\" height=\"600\" srcset=\"http:\/\/www.rincondelbulla.cl\/portal\/wp-content\/uploads\/2018\/05\/kudelka.jpg 900w, http:\/\/www.rincondelbulla.cl\/portal\/wp-content\/uploads\/2018\/05\/kudelka-300x200.jpg 300w, http:\/\/www.rincondelbulla.cl\/portal\/wp-content\/uploads\/2018\/05\/kudelka-768x512.jpg 768w, http:\/\/www.rincondelbulla.cl\/portal\/wp-content\/uploads\/2018\/05\/kudelka-696x464.jpg 696w, http:\/\/www.rincondelbulla.cl\/portal\/wp-content\/uploads\/2018\/05\/kudelka-630x420.jpg 630w\" sizes=\"auto, (max-width: 900px) 100vw, 900px\" \/><figcaption id=\"caption-attachment-14727\" class=\"wp-caption-text\">Foto: @CATALLERESDECBA\/TWITTER.<\/figcaption><\/figure>\n<p><strong>Esta tarde se cocinar\u00e1 la verdad sobre el nuevo estratega para los azules.<\/strong><!--more--><\/p>\n<p>La tarde de ayer sorprendi\u00f3 la noticia de que la \u00abU\u00bb tendr\u00eda todo cerrado con el argentino Frank Dar\u00edo Kudelka, quien viene de salir de Talleres de C\u00f3rdoba y busca nuevos horizontes en el f\u00fatbol latinoamericano.<\/p>\n<p>Si bien es cierto que es la carta m\u00e1s segura, esa noticia deber\u00e1 ser ratificada esta tarde cuando el directorio de Azul Azul vote para elegir al nuevo entrenador. Eso si, <strong>Kudelka contar\u00eda con mayor aprobaci\u00f3n de la mesa directiva<\/strong>, por lo cual los votos de hoy afirmar\u00edan su llegada.<\/p>\n<p>Eso si, durante la tarde de ayer el t\u00e9cnico declar\u00f3 el programa A la Cancha de Radio Continental de C\u00f3rdoba que\u00a0\u201c<strong>s\u00e9 que hab\u00eda gestiones con la U de Chile, pero trato de estar tranquilo en estos momentos. Todav\u00eda no me ha comentado nada mi representante<\/strong>\u201d.<\/p>\n<p>Hoy podr\u00eda ser el d\u00eda en que la vacante de director t\u00e9cnico quede sellada con el arribo del cordob\u00e9s, aunque otros t\u00e9cnicos a\u00fan est\u00e1n en la carpeta de Azul Azul.<\/p>\n<p>&nbsp;<\/p>\n<p>&nbsp;<\/p>\n","protected":false},"excerpt":{"rendered":"<p>Esta tarde se cocinar\u00e1 la verdad sobre el nuevo estratega para los azules.<\/p>\n","protected":false},"author":21398,"featured_media":14727,"comment_status":"closed","ping_status":"open","sticky":false,"template":"","format":"standard","meta":{"footnotes":""},"categories":[18],"tags":[454,1482,102,1421,294],"class_list":{"0":"post-14723","1":"post","2":"type-post","3":"status-publish","4":"format-standard","5":"has-post-thumbnail","7":"category-actualidad","8":"tag-actualidad","9":"tag-frank-dario-kudelka","10":"tag-los-de-abajo","11":"tag-tecnico","12":"tag-u-de-chile"},"_links":{"self":[{"href":"http:\/\/www.rincondelbulla.cl\/portal\/wp-json\/wp\/v2\/posts\/14723","targetHints":{"allow":["GET"]}}],"collection":[{"href":"http:\/\/www.rincondelbulla.cl\/portal\/wp-json\/wp\/v2\/posts"}],"about":[{"href":"http:\/\/www.rincondelbulla.cl\/portal\/wp-json\/wp\/v2\/types\/post"}],"author":[{"embeddable":true,"href":"http:\/\/www.rincondelbulla.cl\/portal\/wp-json\/wp\/v2\/users\/21398"}],"replies":[{"embeddable":true,"href":"http:\/\/www.rincondelbulla.cl\/portal\/wp-json\/wp\/v2\/comments?post=14723"}],"version-history":[{"count":1,"href":"http:\/\/www.rincondelbulla.cl\/portal\/wp-json\/wp\/v2\/posts\/14723\/revisions"}],"predecessor-version":[{"id":14728,"href":"http:\/\/www.rincondelbulla.cl\/portal\/wp-json\/wp\/v2\/posts\/14723\/revisions\/14728"}],"wp:featuredmedia":[{"embeddable":true,"href":"http:\/\/www.rincondelbulla.cl\/portal\/wp-json\/wp\/v2\/media\/14727"}],"wp:attachment":[{"href":"http:\/\/www.rincondelbulla.cl\/portal\/wp-json\/wp\/v2\/media?parent=14723"}],"wp:term":[{"taxonomy":"category","embeddable":true,"href":"http:\/\/www.rincondelbulla.cl\/portal\/wp-json\/wp\/v2\/categories?post=14723"},{"taxonomy":"post_tag","embeddable":true,"href":"http:\/\/www.rincondelbulla.cl\/portal\/wp-json\/wp\/v2\/tags?post=14723"}],"curies":[{"name":"wp","href":"https:\/\/api.w.org\/{rel}","templated":true}]}}