{"id":14767,"date":"2018-05-28T21:03:50","date_gmt":"2018-05-29T01:03:50","guid":{"rendered":"http:\/\/www.rincondelbulla.cl\/portal\/?p=14767"},"modified":"2018-05-28T21:30:07","modified_gmt":"2018-05-29T01:30:07","slug":"matias-rodriguez-no-se-mueve-de-la-u","status":"publish","type":"post","link":"http:\/\/www.rincondelbulla.cl\/portal\/2018\/05\/28\/matias-rodriguez-no-se-mueve-de-la-u\/","title":{"rendered":"Mat\u00edas Rodr\u00edguez no se mueve de la U"},"content":{"rendered":"<figure id=\"attachment_7406\" aria-describedby=\"caption-attachment-7406\" style=\"width: 1000px\" class=\"wp-caption aligncenter\"><img loading=\"lazy\" decoding=\"async\" class=\"size-full wp-image-7406\" src=\"http:\/\/www.rincondelbulla.cl\/portal\/wp-content\/uploads\/2015\/07\/Mat\u00edas-Rodr\u00edguez.jpg\" alt=\"\" width=\"1000\" height=\"667\" srcset=\"http:\/\/www.rincondelbulla.cl\/portal\/wp-content\/uploads\/2015\/07\/Mat\u00edas-Rodr\u00edguez.jpg 1000w, http:\/\/www.rincondelbulla.cl\/portal\/wp-content\/uploads\/2015\/07\/Mat\u00edas-Rodr\u00edguez-300x200.jpg 300w, http:\/\/www.rincondelbulla.cl\/portal\/wp-content\/uploads\/2015\/07\/Mat\u00edas-Rodr\u00edguez-768x512.jpg 768w, http:\/\/www.rincondelbulla.cl\/portal\/wp-content\/uploads\/2015\/07\/Mat\u00edas-Rodr\u00edguez-696x464.jpg 696w, http:\/\/www.rincondelbulla.cl\/portal\/wp-content\/uploads\/2015\/07\/Mat\u00edas-Rodr\u00edguez-630x420.jpg 630w\" sizes=\"auto, (max-width: 1000px) 100vw, 1000px\" \/><figcaption id=\"caption-attachment-7406\" class=\"wp-caption-text\">Foto: Claudio C\u00e1ceres<\/figcaption><\/figure>\n<p><strong>Durante la tarde de este lunes se conoci\u00f3 la noticia de la renovaci\u00f3n de contrato del argentino.<\/strong><!--more--><\/p>\n<p>Era una inc\u00f3gnita la continuidad del volante multicampe\u00f3n con la U. Ser\u00eda el mismo Matias quien dejara en claro junto a su representante hace unas semanas que estaba mas lejos que cerca de quedarse.<\/p>\n<p>Sin embargo, esta tarde se dio a conocer que la concesionaria manejada por Carlos Heller decidi\u00f3 renovar el contrato de Rodr\u00edguez por un a\u00f1o m\u00e1s.<\/p>\n<p>De este modo el \u00abMati\u00bb seguir\u00e1 ligado a la \u00abU\u00bb hasta el 2019, aunque para concretar esto tuvo que ceder en el tema econ\u00f3mico, ya que prim\u00f3 las ganas del jugador por seguir vistiendo la camiseta azul, tal como lo indic\u00f3 su representante, Danilo M\u00e9ndez: \u00ab<strong>La plata la puede suplir las ganas de Mat\u00edas de Seguir en la U<\/strong>\u00ab.<\/p>\n","protected":false},"excerpt":{"rendered":"<p>Durante la tarde de este lunes se conoci\u00f3 la noticia de la renovaci\u00f3n de contrato del argentino.<\/p>\n","protected":false},"author":56,"featured_media":7406,"comment_status":"closed","ping_status":"open","sticky":false,"template":"","format":"standard","meta":{"footnotes":""},"categories":[18],"tags":[454,65,156],"class_list":{"0":"post-14767","1":"post","2":"type-post","3":"status-publish","4":"format-standard","5":"has-post-thumbnail","7":"category-actualidad","8":"tag-actualidad","9":"tag-matias-rodriguez","10":"tag-universidad-de-chile"},"_links":{"self":[{"href":"http:\/\/www.rincondelbulla.cl\/portal\/wp-json\/wp\/v2\/posts\/14767","targetHints":{"allow":["GET"]}}],"collection":[{"href":"http:\/\/www.rincondelbulla.cl\/portal\/wp-json\/wp\/v2\/posts"}],"about":[{"href":"http:\/\/www.rincondelbulla.cl\/portal\/wp-json\/wp\/v2\/types\/post"}],"author":[{"embeddable":true,"href":"http:\/\/www.rincondelbulla.cl\/portal\/wp-json\/wp\/v2\/users\/56"}],"replies":[{"embeddable":true,"href":"http:\/\/www.rincondelbulla.cl\/portal\/wp-json\/wp\/v2\/comments?post=14767"}],"version-history":[{"count":4,"href":"http:\/\/www.rincondelbulla.cl\/portal\/wp-json\/wp\/v2\/posts\/14767\/revisions"}],"predecessor-version":[{"id":14773,"href":"http:\/\/www.rincondelbulla.cl\/portal\/wp-json\/wp\/v2\/posts\/14767\/revisions\/14773"}],"wp:featuredmedia":[{"embeddable":true,"href":"http:\/\/www.rincondelbulla.cl\/portal\/wp-json\/wp\/v2\/media\/7406"}],"wp:attachment":[{"href":"http:\/\/www.rincondelbulla.cl\/portal\/wp-json\/wp\/v2\/media?parent=14767"}],"wp:term":[{"taxonomy":"category","embeddable":true,"href":"http:\/\/www.rincondelbulla.cl\/portal\/wp-json\/wp\/v2\/categories?post=14767"},{"taxonomy":"post_tag","embeddable":true,"href":"http:\/\/www.rincondelbulla.cl\/portal\/wp-json\/wp\/v2\/tags?post=14767"}],"curies":[{"name":"wp","href":"https:\/\/api.w.org\/{rel}","templated":true}]}}