{"id":14780,"date":"2018-05-31T20:04:06","date_gmt":"2018-06-01T00:04:06","guid":{"rendered":"http:\/\/www.rincondelbulla.cl\/portal\/?p=14780"},"modified":"2018-05-31T20:04:06","modified_gmt":"2018-06-01T00:04:06","slug":"tenemos-que-ser-dignos-y-fieles-participes-de-esta-institucion","status":"publish","type":"post","link":"http:\/\/www.rincondelbulla.cl\/portal\/2018\/05\/31\/tenemos-que-ser-dignos-y-fieles-participes-de-esta-institucion\/","title":{"rendered":"\u00abTenemos que ser dignos y fieles part\u00edcipes de esta instituci\u00f3n\u00bb"},"content":{"rendered":"<figure id=\"attachment_14781\" aria-describedby=\"caption-attachment-14781\" style=\"width: 936px\" class=\"wp-caption alignnone\"><img loading=\"lazy\" decoding=\"async\" class=\"size-full wp-image-14781\" src=\"http:\/\/www.rincondelbulla.cl\/portal\/wp-content\/uploads\/2018\/05\/Frank-Kudelka.jpg\" alt=\"\" width=\"936\" height=\"549\" srcset=\"http:\/\/www.rincondelbulla.cl\/portal\/wp-content\/uploads\/2018\/05\/Frank-Kudelka.jpg 936w, http:\/\/www.rincondelbulla.cl\/portal\/wp-content\/uploads\/2018\/05\/Frank-Kudelka-300x176.jpg 300w, http:\/\/www.rincondelbulla.cl\/portal\/wp-content\/uploads\/2018\/05\/Frank-Kudelka-768x450.jpg 768w, http:\/\/www.rincondelbulla.cl\/portal\/wp-content\/uploads\/2018\/05\/Frank-Kudelka-696x408.jpg 696w, http:\/\/www.rincondelbulla.cl\/portal\/wp-content\/uploads\/2018\/05\/Frank-Kudelka-716x420.jpg 716w\" sizes=\"auto, (max-width: 936px) 100vw, 936px\" \/><figcaption id=\"caption-attachment-14781\" class=\"wp-caption-text\">Foto: www.udechile.cl<\/figcaption><\/figure>\n<p><strong>El nuevo t\u00e9cnico azul fue presentado la tarde de este jueves en el CDA y entreg\u00f3 sus primeras impresiones sobre su futuro trabajo con el plantel.<\/strong><!--more--><\/p>\n<p>Contento y satisfecho por llegar a Universidad de Chile, se mostr\u00f3 Frank Dar\u00edo Kudelka, director t\u00e9cnico argentino, quien fue presentado en el CDA como el nuevo adiestrador del Rom\u00e1ntico Viajero.<\/p>\n<p>Sobre c\u00f3mo ha desarrollado hasta a hira su trabajo, sin aun compartir con sus jugadores, el DT trasandino asegur\u00f3 que<strong> \u201cestamos en una evoluci\u00f3n constante. Al plantel lo vemos rico y con una contundencia para ir en b\u00fasqueda que la \u201cU\u201d tiene por historia\u201d.<\/strong> Sobre posibles refuerzos fue enf\u00e1tico: <strong>\u201cEn el momento oportuno se dar\u00e1n a conocer\u201d.<\/strong><\/p>\n<p>Consultado por lo \u00abviejo\u00bb que puede ser el camar\u00edn azul para poder poner en pr\u00e1ctica su visi\u00f3n futbol\u00edstica, Kudelka asegur\u00f3 que el promedio de edad actual del plantel no es inconveniente para desarrollar su trabajo.<\/p>\n<p>Con respecto a su trabajo y la importancia de dirigir a la \u00abU\u00bb, al argentino fue claro: <strong>\u00abNo estamos en cualquier instituci\u00f3n, tenemos que ser dignos y fieles part\u00edcipes de esta. Todo eso se ver\u00e1 cuando uno empieza a trabajar, pero siempre hemos tenido la prioridad de respetar al ser humano. El principal objetivo en lo inmediato es que todos tengamos un objetivo en com\u00fan para el club\u00bb.<\/strong><\/p>\n<p>Kudelka fue consultado por los casos de dos jugadores: Jean Beausejour y Mat\u00edas Rodr\u00edguez. Sobre el seleccionado chileno asegur\u00f3 que <strong>\u00abpara m\u00ed es un jugador important\u00edsimo, un jugador de una categor\u00eda humana y profesional muy necesaria. Para nosotros es algo important\u00edsimo su permanencia en la instituci\u00f3n\u00bb<\/strong>.Sobre el recientemente renovado lateral derecho argentino, su compatriota indic\u00f3 que <strong>\u00abes un jugador que me interesa\u00bb, <\/strong>entreg\u00e1ndole un posible rol fundamental en su once inicial.<\/p>\n<p><strong>RONALD FUENTES: \u00ab<\/strong><strong>DEBEMOS SEGUIR HACIENDO CRECER A UNIVERSIDAD DE CHILE\u00bb<\/strong><\/p>\n<p>Por su parte, el gerente t\u00e9cnico de los azules, Ronald Fuentes, tambi\u00e9n tuvo palabras para la llegada de Kudelka y lo que se espera para futuro en el equipo.<\/p>\n<p><strong>\u00abLo m\u00e1s importante es que los jugadores se pongan a disposici\u00f3n del cuerpo t\u00e9cnico, como lo han hecho en otras circunstancias. Lo importante es tener objetivos comunes, para seguir haciendo crecer a Universidad de Chile\u00bb<\/strong>, asegur\u00f3 el ex defensor.<\/p>\n<p>Consultado por el sondeo de nombres para reforzar el plantel, espec\u00edficamente por el caso de Sebasti\u00e1n Ubilla, el personero indic\u00f3 que el jugador <strong>\u00abest\u00e1 viendo un t\u00e9rmino de contrato con su club en Arabia. Puede ser una alternativa, siempre y cuando se desvincule de la instituci\u00f3n en la que est\u00e1 ahora\u00bb<\/strong>. De paso, Fuentes entreg\u00f3 una novedad que significar\u00e1 una baja en el plantel. <strong>\u00abVamos a ver el nombre para reemplazar a Francisco Arancibia\u00bb<\/strong>, confirmando la partida del delantero, que ser\u00eda en calidad de pr\u00e9stamo a Brasil. Con respecto a Jean Beausejour, este podr\u00eda partir en diciembre si es que se presenta alguna oferta importante.<\/p>\n<p>Por el caso de Lorenzo Reyes y su renovaci\u00f3n, Ronald Fuentes asegur\u00f3 que <strong>\u00abestamos muy avanzados, por no decir que hemos llegado a un pleno acuerdo. Vamos a ver que pasa despu\u00e9s de este periplo que est\u00e1 haciendo con la selecci\u00f3n. Necesitamos que siga siendo jugador nuestro\u00bb<\/strong>.<\/p>\n","protected":false},"excerpt":{"rendered":"<p>El nuevo t\u00e9cnico azul fue presentado la tarde de este jueves en el CDA y entreg\u00f3 sus primeras impresiones sobre su futuro trabajo con el plantel.<\/p>\n","protected":false},"author":21382,"featured_media":14781,"comment_status":"closed","ping_status":"open","sticky":false,"template":"","format":"standard","meta":{"footnotes":""},"categories":[18],"tags":[1482,157,508,235,480,294,156],"class_list":{"0":"post-14780","1":"post","2":"type-post","3":"status-publish","4":"format-standard","5":"has-post-thumbnail","7":"category-actualidad","8":"tag-frank-dario-kudelka","9":"tag-portada","10":"tag-presentacion","11":"tag-refuerzos","12":"tag-ronald-fuentes","13":"tag-u-de-chile","14":"tag-universidad-de-chile"},"_links":{"self":[{"href":"http:\/\/www.rincondelbulla.cl\/portal\/wp-json\/wp\/v2\/posts\/14780","targetHints":{"allow":["GET"]}}],"collection":[{"href":"http:\/\/www.rincondelbulla.cl\/portal\/wp-json\/wp\/v2\/posts"}],"about":[{"href":"http:\/\/www.rincondelbulla.cl\/portal\/wp-json\/wp\/v2\/types\/post"}],"author":[{"embeddable":true,"href":"http:\/\/www.rincondelbulla.cl\/portal\/wp-json\/wp\/v2\/users\/21382"}],"replies":[{"embeddable":true,"href":"http:\/\/www.rincondelbulla.cl\/portal\/wp-json\/wp\/v2\/comments?post=14780"}],"version-history":[{"count":4,"href":"http:\/\/www.rincondelbulla.cl\/portal\/wp-json\/wp\/v2\/posts\/14780\/revisions"}],"predecessor-version":[{"id":14785,"href":"http:\/\/www.rincondelbulla.cl\/portal\/wp-json\/wp\/v2\/posts\/14780\/revisions\/14785"}],"wp:featuredmedia":[{"embeddable":true,"href":"http:\/\/www.rincondelbulla.cl\/portal\/wp-json\/wp\/v2\/media\/14781"}],"wp:attachment":[{"href":"http:\/\/www.rincondelbulla.cl\/portal\/wp-json\/wp\/v2\/media?parent=14780"}],"wp:term":[{"taxonomy":"category","embeddable":true,"href":"http:\/\/www.rincondelbulla.cl\/portal\/wp-json\/wp\/v2\/categories?post=14780"},{"taxonomy":"post_tag","embeddable":true,"href":"http:\/\/www.rincondelbulla.cl\/portal\/wp-json\/wp\/v2\/tags?post=14780"}],"curies":[{"name":"wp","href":"https:\/\/api.w.org\/{rel}","templated":true}]}}