{"id":14787,"date":"2018-06-05T23:28:30","date_gmt":"2018-06-06T03:28:30","guid":{"rendered":"http:\/\/www.rincondelbulla.cl\/portal\/?p=14787"},"modified":"2018-06-05T23:28:30","modified_gmt":"2018-06-06T03:28:30","slug":"matias-rodriguez-asume-su-mal-momento-y-promete-subir-el-nivel-en-cancha","status":"publish","type":"post","link":"http:\/\/www.rincondelbulla.cl\/portal\/2018\/06\/05\/matias-rodriguez-asume-su-mal-momento-y-promete-subir-el-nivel-en-cancha\/","title":{"rendered":"Mat\u00edas Rodr\u00edguez asume su mal momento y promete subir el nivel en cancha"},"content":{"rendered":"<figure id=\"attachment_14788\" aria-describedby=\"caption-attachment-14788\" style=\"width: 1000px\" class=\"wp-caption aligncenter\"><img loading=\"lazy\" decoding=\"async\" class=\"size-full wp-image-14788\" src=\"http:\/\/www.rincondelbulla.cl\/portal\/wp-content\/uploads\/2018\/06\/M8A8774-copia.jpg\" alt=\"\" width=\"1000\" height=\"667\" srcset=\"http:\/\/www.rincondelbulla.cl\/portal\/wp-content\/uploads\/2018\/06\/M8A8774-copia.jpg 1000w, http:\/\/www.rincondelbulla.cl\/portal\/wp-content\/uploads\/2018\/06\/M8A8774-copia-300x200.jpg 300w, http:\/\/www.rincondelbulla.cl\/portal\/wp-content\/uploads\/2018\/06\/M8A8774-copia-768x512.jpg 768w, http:\/\/www.rincondelbulla.cl\/portal\/wp-content\/uploads\/2018\/06\/M8A8774-copia-696x464.jpg 696w, http:\/\/www.rincondelbulla.cl\/portal\/wp-content\/uploads\/2018\/06\/M8A8774-copia-630x420.jpg 630w\" sizes=\"auto, (max-width: 1000px) 100vw, 1000px\" \/><figcaption id=\"caption-attachment-14788\" class=\"wp-caption-text\">Foto: Claudio C\u00e1ceres<\/figcaption><\/figure>\n<p><strong>El zaguero analiz\u00f3 su renovaci\u00f3n con los azules y confes\u00f3 que pens\u00f3 en su partida del club.<\/strong><!--more--><\/p>\n<p>Universidad cumple sus primeras jornadas de entrenamiento bajo las \u00f3rdenes de Franco Kudelka, en ese contexto, Mat\u00edas Rodr\u00edguez convers\u00f3 con los medios de comunicaci\u00f3n sobre varios temas, entre ellos su renovaci\u00f3n con los azules hasta finales del 2019.<\/p>\n<p>\u00abT<strong>rataba de pensar en hacer las cosas bien, entrenar, y si jugaba bien iba a tener m\u00e1s chances. Me puse un poco nervioso por saber lo que iba a pasar cuando iba llegando la fecha y no se cerraba. Es un reto importante para m\u00ed, para levantar mi nivel<\/strong>\u00ab, confes\u00f3 el Mati.<\/p>\n<p>Es m\u00e1s, el trasandino coment\u00f3 que por momentos se cuestion\u00f3 su continuidad en el club, \u00ab<strong>Me pregunt\u00e9 si merec\u00eda seguir en el club. Pero creo que haciendo un esfuerzo pude quedarme. La familia tambi\u00e9n pesa mucho, uno no decide solo<\/strong>\u00ab, a\u00f1adi\u00f3.<\/p>\n<p>Sobre el nuevo proceso que inici\u00f3 la U, Rodr\u00edguez fue claro en indicar. \u00abA nosotros esto nos tiene que servir para esforzarnos al m\u00e1ximo, para que cuando \u00e9l (Kudelka) tenga que decidir le cueste escoger un jugador, que tenga m\u00e1s alternativas y se le haga m\u00e1s dif\u00edcil elegir quien tenga que <strong>jugar\u00bb,<\/strong> a\u00f1adiendo que, \u00ab<strong>Los entrenamientos con Kudelka son intensos, y esperamos adaptarnos pronto\u00bb<\/strong>.<\/p>\n<p>&nbsp;<\/p>\n","protected":false},"excerpt":{"rendered":"<p>El zaguero analiz\u00f3 su renovaci\u00f3n con los azules y confes\u00f3 que pens\u00f3 en su partida del club.<\/p>\n","protected":false},"author":56,"featured_media":14788,"comment_status":"closed","ping_status":"open","sticky":false,"template":"","format":"standard","meta":{"footnotes":""},"categories":[18],"tags":[454,65,156],"class_list":{"0":"post-14787","1":"post","2":"type-post","3":"status-publish","4":"format-standard","5":"has-post-thumbnail","7":"category-actualidad","8":"tag-actualidad","9":"tag-matias-rodriguez","10":"tag-universidad-de-chile"},"_links":{"self":[{"href":"http:\/\/www.rincondelbulla.cl\/portal\/wp-json\/wp\/v2\/posts\/14787","targetHints":{"allow":["GET"]}}],"collection":[{"href":"http:\/\/www.rincondelbulla.cl\/portal\/wp-json\/wp\/v2\/posts"}],"about":[{"href":"http:\/\/www.rincondelbulla.cl\/portal\/wp-json\/wp\/v2\/types\/post"}],"author":[{"embeddable":true,"href":"http:\/\/www.rincondelbulla.cl\/portal\/wp-json\/wp\/v2\/users\/56"}],"replies":[{"embeddable":true,"href":"http:\/\/www.rincondelbulla.cl\/portal\/wp-json\/wp\/v2\/comments?post=14787"}],"version-history":[{"count":1,"href":"http:\/\/www.rincondelbulla.cl\/portal\/wp-json\/wp\/v2\/posts\/14787\/revisions"}],"predecessor-version":[{"id":14789,"href":"http:\/\/www.rincondelbulla.cl\/portal\/wp-json\/wp\/v2\/posts\/14787\/revisions\/14789"}],"wp:featuredmedia":[{"embeddable":true,"href":"http:\/\/www.rincondelbulla.cl\/portal\/wp-json\/wp\/v2\/media\/14788"}],"wp:attachment":[{"href":"http:\/\/www.rincondelbulla.cl\/portal\/wp-json\/wp\/v2\/media?parent=14787"}],"wp:term":[{"taxonomy":"category","embeddable":true,"href":"http:\/\/www.rincondelbulla.cl\/portal\/wp-json\/wp\/v2\/categories?post=14787"},{"taxonomy":"post_tag","embeddable":true,"href":"http:\/\/www.rincondelbulla.cl\/portal\/wp-json\/wp\/v2\/tags?post=14787"}],"curies":[{"name":"wp","href":"https:\/\/api.w.org\/{rel}","templated":true}]}}