{"id":14966,"date":"2018-08-01T20:21:51","date_gmt":"2018-08-02T00:21:51","guid":{"rendered":"http:\/\/www.rincondelbulla.cl\/portal\/?p=14966"},"modified":"2018-08-02T14:04:44","modified_gmt":"2018-08-02T18:04:44","slug":"sifup-saco-la-voz-por-caso-pinilla","status":"publish","type":"post","link":"http:\/\/www.rincondelbulla.cl\/portal\/2018\/08\/01\/sifup-saco-la-voz-por-caso-pinilla\/","title":{"rendered":"Sifup sac\u00f3 la voz por Caso Pinilla"},"content":{"rendered":"<p><img loading=\"lazy\" decoding=\"async\" class=\"alignnone size-full wp-image-13870\" src=\"http:\/\/www.rincondelbulla.cl\/portal\/wp-content\/uploads\/2018\/02\/Gamadiel-Garc\u00eda-SIFUP.jpg\" alt=\"\" width=\"1200\" height=\"675\" srcset=\"http:\/\/www.rincondelbulla.cl\/portal\/wp-content\/uploads\/2018\/02\/Gamadiel-Garc\u00eda-SIFUP.jpg 1200w, http:\/\/www.rincondelbulla.cl\/portal\/wp-content\/uploads\/2018\/02\/Gamadiel-Garc\u00eda-SIFUP-300x169.jpg 300w, http:\/\/www.rincondelbulla.cl\/portal\/wp-content\/uploads\/2018\/02\/Gamadiel-Garc\u00eda-SIFUP-768x432.jpg 768w, http:\/\/www.rincondelbulla.cl\/portal\/wp-content\/uploads\/2018\/02\/Gamadiel-Garc\u00eda-SIFUP-696x392.jpg 696w, http:\/\/www.rincondelbulla.cl\/portal\/wp-content\/uploads\/2018\/02\/Gamadiel-Garc\u00eda-SIFUP-1068x601.jpg 1068w, http:\/\/www.rincondelbulla.cl\/portal\/wp-content\/uploads\/2018\/02\/Gamadiel-Garc\u00eda-SIFUP-747x420.jpg 747w\" sizes=\"auto, (max-width: 1200px) 100vw, 1200px\" \/><\/p>\n<p><strong>Su presidente Gamadiel Garc\u00eda entreg\u00f3 la opini\u00f3n del organismo tras la tormentosa semana azul, que termin\u00f3 con la pol\u00e9mica salida del delantero de la instituci\u00f3n.<\/strong><!--more--><\/p>\n<p>Su preocupaci\u00f3n por lo sucedido con Mauricio Pinilla en Universidad de Chile expres\u00f3 este mi\u00e9rcoles el Sindicato de Futbolistas Profesionales (Sifup).<\/p>\n<p>Fue en voz de su presidente, el ex azul Gamadiel Garc\u00eda, que entregaron su parecer y opini\u00f3n tras esta pol\u00e9mica que se instaur\u00f3 en el CDA durante los \u00faltimos d\u00edas.<\/p>\n<p><strong>\u201cAqu\u00ed se est\u00e1 contando el final de una historia. Cuando cronol\u00f3gicamente Mauricio cuente lo que realmente ocurri\u00f3, el por qu\u00e9 sucedieron los hechos, yo creo que la opini\u00f3n que la gente est\u00e1 teniendo sobre lo ocurrido va a cambiar rotundamente\u201d,<\/strong> asegur\u00f3 Garc\u00eda, quien de manera personal cree que existen antecedentes que no se han dado a conocer sobre este caso. <strong>\u201cUn jugador que es goleador en su equipo, que es seleccionado nacional, que sea cedido por un partido (amistoso con Col\u00f3n de Santa Fe, especificado en el contrato dado a conocer por La Tercera), me parece que algo nos est\u00e1 ocultando la \u00abU\u00bb con respecto a lo que ocurre con Pinilla\u201d, <\/strong>dijo el ex futbolista.<\/p>\n<p>Ante esto, Gamadiel Garc\u00eda fue consultado si creen que la \u201cU\u201d quiso \u201cdeshacerse\u201d del goleador, a lo que respondi\u00f3 sin dudar: <strong>\u201cEn opini\u00f3n muy personal, yo creo que s\u00ed. Nunca busc\u00f3 o quiso que Mauricio retornara y siguiera jugando en la instituci\u00f3n\u201d.<\/strong><\/p>\n<p>Sobre las medidas que como Sifup tomaran al respecto, Garc\u00eda adelant\u00f3 que r\u00e1pidamente tomaran caras en el asunto. <strong>\u201cLa presentaci\u00f3n nuestra con la ANFP ser\u00e1 ma\u00f1ana (jueves). Nosotros hemos estado en constante comunicaci\u00f3n con el jugador, pero no podemos actuar si \u00e9l no nos da la autorizaci\u00f3n. Vamos a hacer los pasos como sindicato para pedir que el jugador quede liberado y pueda jugar en la primera divisi\u00f3n\u201d,<\/strong> asegur\u00f3.<\/p>\n<blockquote class=\"twitter-tweet\" data-lang=\"es\">\n<p dir=\"ltr\" lang=\"es\">Declaraci\u00f3n del SIFUP por situaci\u00f3n de Mauricio Pinilla.<a href=\"https:\/\/twitter.com\/hashtag\/ConclaveRegistros?src=hash&amp;ref_src=twsrc%5Etfw\">#ConclaveRegistros<\/a> <a href=\"https:\/\/twitter.com\/radiolaclave?ref_src=twsrc%5Etfw\">@radiolaclave<\/a> <a href=\"https:\/\/t.co\/MsZ24gsd60\">pic.twitter.com\/MsZ24gsd60<\/a><\/p>\n<p>\u2014 Jos\u00e9 Tom\u00e1s Fern\u00e1ndez Pumarino (@fernandez_puma) <a href=\"https:\/\/twitter.com\/fernandez_puma\/status\/1025073736796528640?ref_src=twsrc%5Etfw\">2 de agosto de 2018<\/a><\/p><\/blockquote>\n<p><script async src=\"https:\/\/platform.twitter.com\/widgets.js\" charset=\"utf-8\"><\/script><\/p>\n","protected":false},"excerpt":{"rendered":"<p>Su presidente Gamadiel Garc\u00eda entreg\u00f3 la opini\u00f3n del organismo tras la tormentosa semana azul, que termin\u00f3 con la pol\u00e9mica salida del delantero de la instituci\u00f3n.<\/p>\n","protected":false},"author":21382,"featured_media":13848,"comment_status":"closed","ping_status":"open","sticky":false,"template":"","format":"standard","meta":{"footnotes":""},"categories":[18],"tags":[454,1389,631,157,723,294,156],"class_list":{"0":"post-14966","1":"post","2":"type-post","3":"status-publish","4":"format-standard","5":"has-post-thumbnail","7":"category-actualidad","8":"tag-actualidad","9":"tag-gamadiel-garcia","10":"tag-mauricio-pinilla","11":"tag-portada","12":"tag-sifup","13":"tag-u-de-chile","14":"tag-universidad-de-chile"},"_links":{"self":[{"href":"http:\/\/www.rincondelbulla.cl\/portal\/wp-json\/wp\/v2\/posts\/14966","targetHints":{"allow":["GET"]}}],"collection":[{"href":"http:\/\/www.rincondelbulla.cl\/portal\/wp-json\/wp\/v2\/posts"}],"about":[{"href":"http:\/\/www.rincondelbulla.cl\/portal\/wp-json\/wp\/v2\/types\/post"}],"author":[{"embeddable":true,"href":"http:\/\/www.rincondelbulla.cl\/portal\/wp-json\/wp\/v2\/users\/21382"}],"replies":[{"embeddable":true,"href":"http:\/\/www.rincondelbulla.cl\/portal\/wp-json\/wp\/v2\/comments?post=14966"}],"version-history":[{"count":2,"href":"http:\/\/www.rincondelbulla.cl\/portal\/wp-json\/wp\/v2\/posts\/14966\/revisions"}],"predecessor-version":[{"id":14968,"href":"http:\/\/www.rincondelbulla.cl\/portal\/wp-json\/wp\/v2\/posts\/14966\/revisions\/14968"}],"wp:featuredmedia":[{"embeddable":true,"href":"http:\/\/www.rincondelbulla.cl\/portal\/wp-json\/wp\/v2\/media\/13848"}],"wp:attachment":[{"href":"http:\/\/www.rincondelbulla.cl\/portal\/wp-json\/wp\/v2\/media?parent=14966"}],"wp:term":[{"taxonomy":"category","embeddable":true,"href":"http:\/\/www.rincondelbulla.cl\/portal\/wp-json\/wp\/v2\/categories?post=14966"},{"taxonomy":"post_tag","embeddable":true,"href":"http:\/\/www.rincondelbulla.cl\/portal\/wp-json\/wp\/v2\/tags?post=14966"}],"curies":[{"name":"wp","href":"https:\/\/api.w.org\/{rel}","templated":true}]}}