{"id":15038,"date":"2018-08-30T11:16:12","date_gmt":"2018-08-30T15:16:12","guid":{"rendered":"http:\/\/www.rincondelbulla.cl\/portal\/?p=15038"},"modified":"2018-08-30T11:16:24","modified_gmt":"2018-08-30T15:16:24","slug":"kudelka-y-arbitraje-donde-esta-la-credibilidad-de-quien-actua-a-nivel-nacional-e-internacional","status":"publish","type":"post","link":"http:\/\/www.rincondelbulla.cl\/portal\/2018\/08\/30\/kudelka-y-arbitraje-donde-esta-la-credibilidad-de-quien-actua-a-nivel-nacional-e-internacional\/","title":{"rendered":"Kudelka y arbitraje: \u201c\u00bfD\u00f3nde est\u00e1 la credibilidad de quien act\u00faa a nivel nacional e internacional?\u00bb"},"content":{"rendered":"<figure id=\"attachment_15001\" aria-describedby=\"caption-attachment-15001\" style=\"width: 1000px\" class=\"wp-caption alignnone\"><img loading=\"lazy\" decoding=\"async\" class=\"size-full wp-image-15001\" src=\"http:\/\/www.rincondelbulla.cl\/portal\/wp-content\/uploads\/2018\/08\/Kudelka.jpg\" alt=\"\" width=\"1000\" height=\"667\" srcset=\"http:\/\/www.rincondelbulla.cl\/portal\/wp-content\/uploads\/2018\/08\/Kudelka.jpg 1000w, http:\/\/www.rincondelbulla.cl\/portal\/wp-content\/uploads\/2018\/08\/Kudelka-300x200.jpg 300w, http:\/\/www.rincondelbulla.cl\/portal\/wp-content\/uploads\/2018\/08\/Kudelka-768x512.jpg 768w, http:\/\/www.rincondelbulla.cl\/portal\/wp-content\/uploads\/2018\/08\/Kudelka-696x464.jpg 696w, http:\/\/www.rincondelbulla.cl\/portal\/wp-content\/uploads\/2018\/08\/Kudelka-630x420.jpg 630w\" sizes=\"auto, (max-width: 1000px) 100vw, 1000px\" \/><figcaption id=\"caption-attachment-15001\" class=\"wp-caption-text\">Foto: Claudio C\u00e1ceres<\/figcaption><\/figure>\n<p><strong>El estratega argentino cuestion\u00f3 el doble actuar del \u00e1rbitro Julio Bascu\u00f1an ante una situaci\u00f3n similar el s\u00e1bado reci\u00e9n pasado y la noche de este martes por Copa Libertadores.<\/strong><!--more--><\/p>\n<p>Tras los incidentes que ocurrieron en el Supercl\u00e1sico en el Estadio Monumental, algunos jugadores fueron citados al tribunal para declarar sobre lo ocurrido. Entre los convocados se encontraba el defensa azul Rodrigo Echeverr\u00eda y su t\u00e9cnico Frank Kudelka.<br \/>\nLuego de comparecer ante el estamento disciplinario, el DT de los azules cuestion\u00f3 al \u00e1rbitro del encuentro, Julio Bascu\u00f1\u00e1n por no actuar con los mismos criterios en todos los partidos. Esto, luego de que el juez suspendiera el cotejo entre Santos e Independiente, el d\u00eda martes por Copa Libertadores.<br \/>\n<strong>\u201cMe llama la atenci\u00f3n por qu\u00e9 tenemos que ser condescendientes o solamente visualizar un escrito donde se dicen cosas contra otros, en este caso contra m\u00ed, cuando despu\u00e9s no se act\u00faa de la misma manera\u201d<\/strong>, se\u00f1al\u00f3 el t\u00e9cnico de la U.<br \/>\nCon respecto a esta situaci\u00f3n tambi\u00e9n indic\u00f3 que <strong>\u201cen esto no meto al club rival ni a sus hinchas. Pero si a los tres d\u00edas cambia todo \u00bfD\u00f3nde est\u00e1 la credibilidad de quien act\u00faa a nivel nacional e internacional?\u00bb.<\/strong><br \/>\nAdem\u00e1s, pidi\u00f3 disculpa por su comportamiento durante el partido. <strong>\u201cComet\u00ed un error al gesticular p\u00fablicamente en la mitad de la cancha y pido disculpas por eso. Hasta levant\u00e9 el dedo imperativamente. Pero eso no es sin\u00f3nimo de insulto. La verdad es que siento que me equivoqu\u00e9, que tendr\u00eda que haberme ido directo al vestuario. Es un error desde el hecho, haberme apersonado ah\u00ed. Pero estar ah\u00ed y dialogar efusivamente no significa decir malas palabras\u201d<\/strong>, finaliz\u00f3 el adiestrador.<\/p>\n","protected":false},"excerpt":{"rendered":"<p>El estratega argentino cuestion\u00f3 el doble actuar del \u00e1rbitro Julio Bascu\u00f1an ante una situaci\u00f3n similar el s\u00e1bado reci\u00e9n pasado y la noche de este martes por Copa Libertadores.<\/p>\n","protected":false},"author":21385,"featured_media":15001,"comment_status":"closed","ping_status":"open","sticky":false,"template":"","format":"standard","meta":{"footnotes":""},"categories":[18],"tags":[454,1482,157,294,156],"class_list":{"0":"post-15038","1":"post","2":"type-post","3":"status-publish","4":"format-standard","5":"has-post-thumbnail","7":"category-actualidad","8":"tag-actualidad","9":"tag-frank-dario-kudelka","10":"tag-portada","11":"tag-u-de-chile","12":"tag-universidad-de-chile"},"_links":{"self":[{"href":"http:\/\/www.rincondelbulla.cl\/portal\/wp-json\/wp\/v2\/posts\/15038","targetHints":{"allow":["GET"]}}],"collection":[{"href":"http:\/\/www.rincondelbulla.cl\/portal\/wp-json\/wp\/v2\/posts"}],"about":[{"href":"http:\/\/www.rincondelbulla.cl\/portal\/wp-json\/wp\/v2\/types\/post"}],"author":[{"embeddable":true,"href":"http:\/\/www.rincondelbulla.cl\/portal\/wp-json\/wp\/v2\/users\/21385"}],"replies":[{"embeddable":true,"href":"http:\/\/www.rincondelbulla.cl\/portal\/wp-json\/wp\/v2\/comments?post=15038"}],"version-history":[{"count":1,"href":"http:\/\/www.rincondelbulla.cl\/portal\/wp-json\/wp\/v2\/posts\/15038\/revisions"}],"predecessor-version":[{"id":15039,"href":"http:\/\/www.rincondelbulla.cl\/portal\/wp-json\/wp\/v2\/posts\/15038\/revisions\/15039"}],"wp:featuredmedia":[{"embeddable":true,"href":"http:\/\/www.rincondelbulla.cl\/portal\/wp-json\/wp\/v2\/media\/15001"}],"wp:attachment":[{"href":"http:\/\/www.rincondelbulla.cl\/portal\/wp-json\/wp\/v2\/media?parent=15038"}],"wp:term":[{"taxonomy":"category","embeddable":true,"href":"http:\/\/www.rincondelbulla.cl\/portal\/wp-json\/wp\/v2\/categories?post=15038"},{"taxonomy":"post_tag","embeddable":true,"href":"http:\/\/www.rincondelbulla.cl\/portal\/wp-json\/wp\/v2\/tags?post=15038"}],"curies":[{"name":"wp","href":"https:\/\/api.w.org\/{rel}","templated":true}]}}