{"id":1541,"date":"2009-05-21T10:20:39","date_gmt":"2009-05-21T10:20:39","guid":{"rendered":"http:\/\/www.rincondelbulla.cl\/portal\/?p=1541"},"modified":"2009-05-21T10:20:39","modified_gmt":"2009-05-21T10:20:39","slug":"uruguayo-vigneri-quedo-feliz-con-el-interes-mostrado-por-markarian-para-traerlo-a-la-u","status":"publish","type":"post","link":"http:\/\/www.rincondelbulla.cl\/portal\/2009\/05\/21\/uruguayo-vigneri-quedo-feliz-con-el-interes-mostrado-por-markarian-para-traerlo-a-la-u\/","title":{"rendered":"Uruguayo Vigneri qued\u00f3 feliz con el inter\u00e9s mostrado por Markari\u00e1n para traerlo a la U"},"content":{"rendered":"<p><img loading=\"lazy\" decoding=\"async\" src=\"http:\/\/www.cooperativa.cl\/prontus_nots\/site\/artic\/20090520\/imag\/FOTO_0220090520213058.jpg\" style=\"margin: 5px; float: left; width: 134px; height: 87px\" width=\"134\" height=\"87\" \/><b>El actual jugador de Racing de Avellaneda conoce al entrenador tras coincidir en Cruz Azul.<\/b><br \/> Aunque Universidad de Chile a&uacute;n debe afrontar los play-offs, ya hay un par de jugadores que suenan para vestirse de azul en el Torneo de Clausura y uno de ellos es el delantero uruguayo Nicol&aacute;s Vigneri, quien se mostr&oacute; gustoso del  <!--more--> inter&eacute;s existente por el t&eacute;cnico Sergio Markari&aacute;n.<\/p>\n<p> De hecho, el ex entrenador de la selecci&oacute;n paraguaya tuvo al jugador charr&uacute;a en Cruz Azul, por lo que lo conoce y lo quiere en el equipo de cara al segundo semestre.<\/p>\n<p> &quot;Contento, primero porque lo conozco desde Cruz Azul y s&eacute; la clase de persona que es &eacute;l y su cuerpo t&eacute;cnico, y tambi&eacute;n s&eacute; del f&uacute;tbol que les gusta. Y m&aacute;s, un equipo grande de Chile. Ser&iacute;a lindo. Un orgullo que un entrenador de esa calidad se fije en m&iacute;&quot;, dijo Vigneri en di&aacute;logo con Al Aire Libre en Cooperativa.<\/p>\n<p> De acuerdo a lo expresado por Vigneri, su idea pasa por salir del elenco de Avellaneda, ya que no ha tenido la continuidad esperada y para ello tiene una cl&aacute;usula de salida, tal como &eacute;l mismo coment&oacute;.<\/p>\n<p> &quot;Ac&aacute; en Racing me compraron la mitad del pase pero si tengo una oferta se puede hablar con la dirigencia. Ac&aacute; no fue lo que esperaba, vine a jugar, pero el t&eacute;cnico nuevo no me ha tenido en cuenta y lo que quiero es jugar, porque es donde me siento m&aacute;s c&oacute;modo&quot;, explic&oacute; Vigneri, quien describi&oacute; algunas de sus caracter&iacute;sticas.<\/p>\n<p> &quot;En todos los equipos que jugu&eacute; lo hice por fuera. Me considero un jugador r&aacute;pido, y me gusta llegar siempre con velocidad, pensando en el arco rival&quot;, dijo el uruguayo con experiencia en la selecci&oacute;n charr&uacute;a y en Pe&ntilde;arol.<\/p>\n<div align=\"center\"> <i><b> <object name=\"idFlashAudio20090520214907\" id=\"idFlashAudio20090520214907\" classid=\"clsid:d27cdb6e-ae6d-11cf-96b8-444553540000\" codebase=\"http:\/\/download.macromedia.com\/pub\/shockwave\/cabs\/flash\/swflash.cab#version=7,0,0,0\" width=\"400\" height=\"50\"><param name=\"movie\" value=\"http:\/\/www.cooperativa.cl\/prontus_nots\/flash\/_PlayerAudio.swf\"><\/param><param name=\"play\" value=\"true\"><\/param><param name=\"loop\" value=\"true\"><\/param><param name=\"quality\" value=\"high\"><\/param><param name=\"wmode\" value=\"transparent\"><\/param><param name=\"flashvars\" value=\"xml=http:\/\/www.cooperativa.cl\/prontus_media\/site\/artic\/20090520\/xmlpub\/20090520214907.xml&amp;start=stop&amp;vol=90&amp;noutils=true\"><\/param><param name=\"base\" value=\"http:\/\/www.cooperativa.cl\"><\/param><embed src=\"http:\/\/www.cooperativa.cl\/prontus_nots\/flash\/_PlayerAudio.swf\" pluginspage=\"http:\/\/www.macromedia.com\/shockwave\/download\/index.cgi?P1_Prod_Version=ShockwaveFlash\" type=\"application\/x-shockwave-flash\" play=\"true\" loop=\"true\" quality=\"high\" flashvars=\"xml=http:\/\/www.cooperativa.cl\/prontus_media\/site\/artic\/20090520\/xmlpub\/20090520214907.xml&amp;start=stop&amp;vol=90&amp;noutils=true\" wmode=\"transparent\" width=\"400\" height=\"50\"><\/embed><\/object> <br \/> El uruguayo se mostr&oacute; interesado en recalar en la U. <\/b><\/i> <\/div>\n","protected":false},"excerpt":{"rendered":"<p>El actual jugador de Racing de Avellaneda conoce al entrenador tras coincidir en Cruz Azul. Aunque Universidad de Chile a&uacute;n debe afrontar los play-offs, ya hay un par de jugadores que suenan para vestirse de azul en el Torneo de Clausura y uno de ellos es el delantero uruguayo Nicol&aacute;s Vigneri, quien se mostr&oacute; gustoso [&#8230;]<\/p>\n","protected":false},"author":1,"featured_media":0,"comment_status":"open","ping_status":"open","sticky":false,"template":"","format":"standard","meta":{"footnotes":""},"categories":[18],"tags":[],"class_list":{"0":"post-1541","1":"post","2":"type-post","3":"status-publish","4":"format-standard","6":"category-actualidad"},"_links":{"self":[{"href":"http:\/\/www.rincondelbulla.cl\/portal\/wp-json\/wp\/v2\/posts\/1541","targetHints":{"allow":["GET"]}}],"collection":[{"href":"http:\/\/www.rincondelbulla.cl\/portal\/wp-json\/wp\/v2\/posts"}],"about":[{"href":"http:\/\/www.rincondelbulla.cl\/portal\/wp-json\/wp\/v2\/types\/post"}],"author":[{"embeddable":true,"href":"http:\/\/www.rincondelbulla.cl\/portal\/wp-json\/wp\/v2\/users\/1"}],"replies":[{"embeddable":true,"href":"http:\/\/www.rincondelbulla.cl\/portal\/wp-json\/wp\/v2\/comments?post=1541"}],"version-history":[{"count":0,"href":"http:\/\/www.rincondelbulla.cl\/portal\/wp-json\/wp\/v2\/posts\/1541\/revisions"}],"wp:attachment":[{"href":"http:\/\/www.rincondelbulla.cl\/portal\/wp-json\/wp\/v2\/media?parent=1541"}],"wp:term":[{"taxonomy":"category","embeddable":true,"href":"http:\/\/www.rincondelbulla.cl\/portal\/wp-json\/wp\/v2\/categories?post=1541"},{"taxonomy":"post_tag","embeddable":true,"href":"http:\/\/www.rincondelbulla.cl\/portal\/wp-json\/wp\/v2\/tags?post=1541"}],"curies":[{"name":"wp","href":"https:\/\/api.w.org\/{rel}","templated":true}]}}