{"id":1565,"date":"2009-06-03T10:45:51","date_gmt":"2009-06-03T10:45:51","guid":{"rendered":"http:\/\/www.rincondelbulla.cl\/portal\/?p=1565"},"modified":"2009-06-03T10:45:51","modified_gmt":"2009-06-03T10:45:51","slug":"se-despidio-marcelo-salas-el-ultimo-gran-idolo-del-futbol-chileno-video","status":"publish","type":"post","link":"http:\/\/www.rincondelbulla.cl\/portal\/2009\/06\/03\/se-despidio-marcelo-salas-el-ultimo-gran-idolo-del-futbol-chileno-video\/","title":{"rendered":"Se despidi\u00f3 Marcelo Salas, el \u00faltimo gran \u00eddolo del f\u00fatbol chileno (+Video)"},"content":{"rendered":"<p><img decoding=\"async\" src=\"images\/stories\/salasnuevo28.jpg\" hspace=\"6\" alt=\"\" title=\"\" border=\"0\" style=\"float: left;\" \/><b>Una verdadera fiesta se vivi&oacute; en la despedida del &#8216;Matador&#8217;, donde los antiguos Cracks de Chile empataron 3-3 frente a los amigos del extranjeros. El goleador hist&oacute;rico de la &#8216;Roja&#8217; se despidi&oacute; con tres tantos y con un Estadio Nacional que se cans&oacute; de corear su nombre.<\/b><br \/> Como se esperaba, la noche de despedida de Marcelo Salas estuvo llena de  <!--more--> emociones. Un estadio Nacional completamente lleno y con un c&aacute;ntico general que llamaba al goleador hist&oacute;rico de la selecci&oacute;n chilena a la cancha.<\/p>\n<p> Un ambiente de ensue&ntilde;o para uno de los jugadores m&aacute;s importantes de la historia del balompi&eacute; criollo, que comenz&oacute; t&iacute;midamente sus pasos por Temuco y lleg&oacute; a Universidad de Chile para hacerse un nombre en el f&uacute;tbol mundial, marcando huella en el equipo en donde estuvo.<\/p>\n<p> El partido estaba programado para las 22:00 horas, pero las ansias parecen que eran muchas y casi una hora antes, ya estaba Marcelo Salas Melinao en la cancha de &Ntilde;u&ntilde;oa acompa&ntilde;ada de sus dos hijas. El estallido fue total, un estadio repleto que explot&oacute; en bengalas, extinguidores, lienzos y gritos para el gran delantero que deslumbr&oacute; en la &lsquo;U&rsquo;, River Plate, Lazio y Juventus. Mientars que en la grada la familia de Salas que ve&iacute;a como recibian al gran futbolista.<br \/> &nbsp;<br \/> Despu&eacute;s de la euforia llegaron las condecoraciones, donde participaron la ANFP, Universidad de Chile con la barra de &#8216;Los de Abajo&#8217;, River Plate, un club deportivo de ni&ntilde;os con s&iacute;ndrome de down y hasta el huaso peregrino que realiz&oacute; su t&iacute;pico baile con la bandera chilena en el centro de la cancha.<\/p>\n<p> Luego se dio paso a la presentaci&oacute;n de los equipos, donde destacaron la presencia de Enzo Francescoli, Ariel Ortega, David Pizarro y David Trezeguet. Otros como Marcelo Gallardo no pudieron jugar por lesi&oacute;n, pero igual dijeron presente. El punto negro fue marcado por las pifias hacia algunos como Iv&aacute;n Zamorano. Pero se dej&oacute; de lado la emoci&oacute;n y luego con el arbitraje del retirado Rub&eacute;n Selman, se dio paso al f&uacute;tbol.<\/p>\n<p> El partido comenz&oacute; tibio, pero no con falta de talento y muestras de buen f&uacute;tbol. Los Crack de Chile frente a los Amigos de Salas mostraron un bue espect&aacute;culo que comenz&oacute; de la mejor manera, con el tanto del homenajeado, y en el minuto 14 Marcelo Salas anotaba el primero para el equipo Rojo con una gran definici&oacute;n ante la salida de Nicol&aacute;s Peric.<\/p>\n<p> Pero los invitados extranjeros tambi&eacute;n dijeron presentes y en el minuto 26, David Trezeguet pon&iacute;a el empate de cabeza dentro de &aacute;rea chica, y cuando ya se acababa el primer tiempo, Marcelo Vega puse el 2-1 con un certero tiro de derecha.<\/p>\n<p> <b>ADI&Oacute;S &#8216;MATADOR&#8217;<\/b><\/p>\n<p> En el segundo tiempo el &#8216;Matador&#8217; cambi&oacute; de camiseta, pero no dej&oacute; de ser menos letal dentro del &aacute;rea. Muestra de eso fue el tanto de cabeza que anot&oacute; en el minuto 49 tras centro de Fabi&aacute;n Guevara y la ventajas para el equipo de Chile llegar&iacute;a por medio de Rodrigo Barrera en el minuto 60.<\/p>\n<p> Y para cerrar el tel&oacute;n, no pod&iacute;a faltar el &#8216;Fen&oacute;meno&#8217;. Penal para el equipo de extranjeros y Marcelo Salas que define como muchas veces lo hizo, la &uacute;ltima en el Centenario de Uruguay, cerrando el encuentro 3-3 y con el abrazo de todos los jugadores que se abalanzaron hacia el jugador oriundo de Temuco, que no aguant&oacute; la emoci&oacute;n y estall&oacute; en l&aacute;grimas.<br \/> &nbsp;<br \/> Nuevamente estalla el Nacional con una vuelta ol&iacute;mpica m&aacute;s que merecida para el Goleador de la selecci&oacute;n chilena, campe&oacute;n en todos los clubes que defendi&oacute;, goleador de la &#8216;Roja&#8217; en el Mundial Francia 98&#8242; y con sus fan&aacute;ticos y familia mirando desde las gradas.<\/p>\n<p> Las palabras de Salas fueron de agradecimiento puro, ante un p&uacute;blico que lo vio deslumbrar en todas las canchas del mundo y por sobre todo con la camiseta de su pa&iacute;s.<\/p>\n<p> &quot;Es dif&iacute;cil hablar en este momento. Estas palabras son para agradecer a todos, sobre todo a mi familia, mis padres y mis hijas que son mis ojos. Agradecer por acompa&ntilde;arme, la gente de la U&nbsp; y la de otros clubes que igual me felicitaron. Por bancarme en todos los momentos y a toda la gente que vino al estadio y respondieron de una manera fenomenal y un recuerdo inmenso que lo llevar&eacute; siempre&quot;, fueron las palabras finales del ariete.<\/p>\n<p> Un homenaje m&aacute;s que merecido para Marcelo Salas Melinao. Un goleador que deslumbr&oacute;, gust&oacute; y que se fue como se le conoce. Metiendo goles.<\/p>\n<p> <u><b>Compacto del Partido<\/b><\/u><\/p>\n<div align=\"center\"> <object type=\"application\/x-shockwave-flash\" data=\"http:\/\/www.3tv.cl\/player_embed.swf?video_id=4298&amp;base=http%3A%2F%2Fwww.3tv.cl%2F&amp;autoplay=0\" id=\"VideoPlayback\" width=\"510\" height=\"360\"><param name=\"movie\" value=\"http:\/\/www.3tv.cl\/player_embed.swf?video_id=4298&amp;base=http%3A%2F%2Fwww.3tv.cl%2F&amp;autoplay=0\"><\/param><param name=\"allowScriptAcess\" value=\"sameDomain\"><\/param><param name=\"quality\" value=\"best\"><\/param><param name=\"bgcolor\" value=\"#000000\"><\/param><param name=\"scale\" value=\"noScale\"><\/param><param name=\"salign\" value=\"TL\"><\/param><param name=\"FlashVars\" value=\"playerMode=embedded\"><\/param><param name=\"allowFullScreen\" value=\"true\"><\/param><\/object> <\/div>\n","protected":false},"excerpt":{"rendered":"<p>Una verdadera fiesta se vivi&oacute; en la despedida del &#8216;Matador&#8217;, donde los antiguos Cracks de Chile empataron 3-3 frente a los amigos del extranjeros. El goleador hist&oacute;rico de la &#8216;Roja&#8217; se despidi&oacute; con tres tantos y con un Estadio Nacional que se cans&oacute; de corear su nombre. Como se esperaba, la noche de despedida de [&#8230;]<\/p>\n","protected":false},"author":1,"featured_media":0,"comment_status":"open","ping_status":"open","sticky":false,"template":"","format":"standard","meta":{"footnotes":""},"categories":[18],"tags":[],"class_list":{"0":"post-1565","1":"post","2":"type-post","3":"status-publish","4":"format-standard","6":"category-actualidad"},"_links":{"self":[{"href":"http:\/\/www.rincondelbulla.cl\/portal\/wp-json\/wp\/v2\/posts\/1565","targetHints":{"allow":["GET"]}}],"collection":[{"href":"http:\/\/www.rincondelbulla.cl\/portal\/wp-json\/wp\/v2\/posts"}],"about":[{"href":"http:\/\/www.rincondelbulla.cl\/portal\/wp-json\/wp\/v2\/types\/post"}],"author":[{"embeddable":true,"href":"http:\/\/www.rincondelbulla.cl\/portal\/wp-json\/wp\/v2\/users\/1"}],"replies":[{"embeddable":true,"href":"http:\/\/www.rincondelbulla.cl\/portal\/wp-json\/wp\/v2\/comments?post=1565"}],"version-history":[{"count":0,"href":"http:\/\/www.rincondelbulla.cl\/portal\/wp-json\/wp\/v2\/posts\/1565\/revisions"}],"wp:attachment":[{"href":"http:\/\/www.rincondelbulla.cl\/portal\/wp-json\/wp\/v2\/media?parent=1565"}],"wp:term":[{"taxonomy":"category","embeddable":true,"href":"http:\/\/www.rincondelbulla.cl\/portal\/wp-json\/wp\/v2\/categories?post=1565"},{"taxonomy":"post_tag","embeddable":true,"href":"http:\/\/www.rincondelbulla.cl\/portal\/wp-json\/wp\/v2\/tags?post=1565"}],"curies":[{"name":"wp","href":"https:\/\/api.w.org\/{rel}","templated":true}]}}