{"id":1576,"date":"2009-06-12T19:02:28","date_gmt":"2009-06-12T19:02:28","guid":{"rendered":"http:\/\/www.rincondelbulla.cl\/portal\/?p=1576"},"modified":"2009-06-12T19:02:28","modified_gmt":"2009-06-12T19:02:28","slug":"grave-lesion-de-juan-gonzalez-marco-la-practica-de-la-u","status":"publish","type":"post","link":"http:\/\/www.rincondelbulla.cl\/portal\/2009\/06\/12\/grave-lesion-de-juan-gonzalez-marco-la-practica-de-la-u\/","title":{"rendered":"Grave lesi\u00f3n de Juan Gonz\u00e1lez marc\u00f3 la pr\u00e1ctica de la \u00abU\u00bb"},"content":{"rendered":"<p><img loading=\"lazy\" decoding=\"async\" src=\"http:\/\/img.emol40.elmercurio.com\/2009\/06\/12\/File_2009612161831.jpg\" style=\"margin: 5px; float: left; width: 134px; height: 87px\" width=\"134\" height=\"87\" \/><b>Al parecer, el zaguero habr&iacute;a sufrido una ruptura de clav&iacute;cula, la que de confirmarse lo descartar&iacute;a por todos los playoffs. La pr&aacute;ctica matutina de los azules sirvi&oacute; para ratificar el equipo ultra ofensivo que dispondr&aacute; Sergio Markari&aacute;n ante Audax Italiano.<\/b><br \/> Universidad de Chile sufre su primera baja de cara a la llave de cuartos de final<br \/>  <!--more--> del Torneo de Apertura ante Audax Italiano, luego de que este viernes Juan Gonz&aacute;lez abandonara la pr&aacute;ctica tras sufrir una lesi&oacute;n clavicular.<\/p>\n<p> Los primeros diagn&oacute;sticos entregan una ruptura de clav&iacute;cula, aunque el cuerpo m&eacute;dico de los azules est&aacute; a la espera de los ex&aacute;menes definitivos.<\/p>\n<p> &quot;Fue una disyunci&oacute;n acromioclavicular y al parecer es una ruptura completa, vamos a ver como enfrentamos el tema. Ojala que no lo sea, pero se ve una lesi&oacute;n de gran magnitud, es muy similar a la sufrida por Walter Montillo, quien estuvo ocho a nueve semanas de para&quot;, indic&oacute; Mauricio Hern&aacute;ndez.<\/p>\n<p> Rafael Olarra se refiri&oacute; a la jugada que gatill&oacute; la lesi&oacute;n de Gonz&aacute;lez, se&ntilde;alando que esperan su pronta recuperaci&oacute;n.<\/p>\n<p> &quot;Es una jugada de pelota detenida fortuita, cae mal y se produjo esta lesi&oacute;n. Los m&eacute;dicos van a ver que car&aacute;cter tiene y ojala pueda estar de vuelta pronto&quot;, expres&oacute; el zaguero.<\/p>\n<p> En tanto, Sergio Markari&aacute;n confirm&oacute; que presentar&aacute; una alineaci&oacute;n con tres hombres en ofensiva, encabezada por <b>Miguel Pinto; Jos&eacute; Contreras, Osvaldo Gonz&aacute;lez, Rafael Olarra, Jos&eacute; Rojas; Felipe Seymour, Marco Estrada, Walter Montillo; Nelson Cuevas, Juan Manuel Olivera y Emilio Hern&aacute;ndez.<\/b><\/p>\n<p> Universidad de Chile se ver&aacute; las caras ante Audax Italiano este s&aacute;bado a las 15:30 horas (19:30 GMT) en el Estadio Nacional, por los cuartos de final del Torneo de Apertura. <\/p>\n","protected":false},"excerpt":{"rendered":"<p>Al parecer, el zaguero habr&iacute;a sufrido una ruptura de clav&iacute;cula, la que de confirmarse lo descartar&iacute;a por todos los playoffs. La pr&aacute;ctica matutina de los azules sirvi&oacute; para ratificar el equipo ultra ofensivo que dispondr&aacute; Sergio Markari&aacute;n ante Audax Italiano. Universidad de Chile sufre su primera baja de cara a la llave de cuartos de [&#8230;]<\/p>\n","protected":false},"author":1,"featured_media":0,"comment_status":"open","ping_status":"open","sticky":false,"template":"","format":"standard","meta":{"footnotes":""},"categories":[18],"tags":[],"class_list":{"0":"post-1576","1":"post","2":"type-post","3":"status-publish","4":"format-standard","6":"category-actualidad"},"_links":{"self":[{"href":"http:\/\/www.rincondelbulla.cl\/portal\/wp-json\/wp\/v2\/posts\/1576","targetHints":{"allow":["GET"]}}],"collection":[{"href":"http:\/\/www.rincondelbulla.cl\/portal\/wp-json\/wp\/v2\/posts"}],"about":[{"href":"http:\/\/www.rincondelbulla.cl\/portal\/wp-json\/wp\/v2\/types\/post"}],"author":[{"embeddable":true,"href":"http:\/\/www.rincondelbulla.cl\/portal\/wp-json\/wp\/v2\/users\/1"}],"replies":[{"embeddable":true,"href":"http:\/\/www.rincondelbulla.cl\/portal\/wp-json\/wp\/v2\/comments?post=1576"}],"version-history":[{"count":0,"href":"http:\/\/www.rincondelbulla.cl\/portal\/wp-json\/wp\/v2\/posts\/1576\/revisions"}],"wp:attachment":[{"href":"http:\/\/www.rincondelbulla.cl\/portal\/wp-json\/wp\/v2\/media?parent=1576"}],"wp:term":[{"taxonomy":"category","embeddable":true,"href":"http:\/\/www.rincondelbulla.cl\/portal\/wp-json\/wp\/v2\/categories?post=1576"},{"taxonomy":"post_tag","embeddable":true,"href":"http:\/\/www.rincondelbulla.cl\/portal\/wp-json\/wp\/v2\/tags?post=1576"}],"curies":[{"name":"wp","href":"https:\/\/api.w.org\/{rel}","templated":true}]}}