{"id":15884,"date":"2019-02-19T05:32:29","date_gmt":"2019-02-19T08:32:29","guid":{"rendered":"http:\/\/www.rincondelbulla.cl\/portal\/?p=15884"},"modified":"2019-02-19T06:59:51","modified_gmt":"2019-02-19T09:59:51","slug":"la-u-se-quedo-sin-copa-libertadores","status":"publish","type":"post","link":"http:\/\/www.rincondelbulla.cl\/portal\/2019\/02\/19\/la-u-se-quedo-sin-copa-libertadores\/","title":{"rendered":"La \u00abU\u00bb se qued\u00f3 sin Copa Libertadores"},"content":{"rendered":"\n<p><strong>Tempranamente los azules se despidieron del torneo internacional tras empatar sin goles.<\/strong><\/p>\n\n\n\n<!--more-->\n\n\n\n<p>La tarea parec\u00eda no ser dif\u00edcil, la \u00abU\u00bb deb\u00eda remontar el 1-0 en contra que hab\u00eda obtenido en Arequipa, pero result\u00f3 imposible. Desde el primer momento el equipo dirigido por Frank Kudelka se mostr\u00f3 bastante nervioso e impaciente a la hora de atacar. Con el correr de los minutos el gol no lleg\u00f3 y sorpresivamente la \u00abU\u00bb qued\u00f3 fuera de la Copa ante el modesto Melgar de Per\u00fa.<\/p>\n\n\n\n<p>Con esto los azules deber\u00e1n enfocar todas sus fuerzas en el Torneo Nacional, donde <strong>debutan este s\u00e1bado ante Cobresal<\/strong>.<\/p>\n","protected":false},"excerpt":{"rendered":"<p>Tempranamente los azules se despidieron del torneo internacional tras empatar sin goles.<\/p>\n","protected":false},"author":65,"featured_media":15885,"comment_status":"closed","ping_status":"open","sticky":false,"template":"","format":"standard","meta":{"footnotes":""},"categories":[18],"tags":[454,1505],"class_list":{"0":"post-15884","1":"post","2":"type-post","3":"status-publish","4":"format-standard","5":"has-post-thumbnail","7":"category-actualidad","8":"tag-actualidad","9":"tag-libertadores-2019"},"_links":{"self":[{"href":"http:\/\/www.rincondelbulla.cl\/portal\/wp-json\/wp\/v2\/posts\/15884","targetHints":{"allow":["GET"]}}],"collection":[{"href":"http:\/\/www.rincondelbulla.cl\/portal\/wp-json\/wp\/v2\/posts"}],"about":[{"href":"http:\/\/www.rincondelbulla.cl\/portal\/wp-json\/wp\/v2\/types\/post"}],"author":[{"embeddable":true,"href":"http:\/\/www.rincondelbulla.cl\/portal\/wp-json\/wp\/v2\/users\/65"}],"replies":[{"embeddable":true,"href":"http:\/\/www.rincondelbulla.cl\/portal\/wp-json\/wp\/v2\/comments?post=15884"}],"version-history":[{"count":3,"href":"http:\/\/www.rincondelbulla.cl\/portal\/wp-json\/wp\/v2\/posts\/15884\/revisions"}],"predecessor-version":[{"id":15914,"href":"http:\/\/www.rincondelbulla.cl\/portal\/wp-json\/wp\/v2\/posts\/15884\/revisions\/15914"}],"wp:featuredmedia":[{"embeddable":true,"href":"http:\/\/www.rincondelbulla.cl\/portal\/wp-json\/wp\/v2\/media\/15885"}],"wp:attachment":[{"href":"http:\/\/www.rincondelbulla.cl\/portal\/wp-json\/wp\/v2\/media?parent=15884"}],"wp:term":[{"taxonomy":"category","embeddable":true,"href":"http:\/\/www.rincondelbulla.cl\/portal\/wp-json\/wp\/v2\/categories?post=15884"},{"taxonomy":"post_tag","embeddable":true,"href":"http:\/\/www.rincondelbulla.cl\/portal\/wp-json\/wp\/v2\/tags?post=15884"}],"curies":[{"name":"wp","href":"https:\/\/api.w.org\/{rel}","templated":true}]}}