{"id":1594,"date":"2009-06-21T08:08:59","date_gmt":"2009-06-21T08:08:59","guid":{"rendered":"http:\/\/www.rincondelbulla.cl\/portal\/?p=1594"},"modified":"2009-06-21T08:08:59","modified_gmt":"2009-06-21T08:08:59","slug":"jose-rojas-y-la-subita-decision-de-markarian-nos-golpeo-como-grupo","status":"publish","type":"post","link":"http:\/\/www.rincondelbulla.cl\/portal\/2009\/06\/21\/jose-rojas-y-la-subita-decision-de-markarian-nos-golpeo-como-grupo\/","title":{"rendered":"Jos\u00e9 Rojas y la s\u00fabita decisi\u00f3n de Markari\u00e1n: \u00abNos golpe\u00f3 como grupo\u00bb"},"content":{"rendered":"<p><img decoding=\"async\" src=\"images\/stories\/joserojas.jpg\" hspace=\"6\" alt=\"\" title=\"\" border=\"0\" style=\"float: left;\" \/><b>El defensor de Universidad de Chile se declar&oacute; sorprendido por la renuncia del estratega.<\/b><br \/> Luego de conocerse la intempestiva renuncia del uruguayo Sergio Markari&aacute;n a la banca de Universidad de Chile, el lateral Jos&eacute; Rojas resumi&oacute; el sentir del plantel estudiantil expresando su &quot;sorpresa&quot; por la medida.  <!--more--> <\/p>\n<p> &quot;Sorprendido por esta renuncia. Nos golpe&oacute; como grupo, pero realmente no nos saca del objetivo que tenemos. Nos hemos hecho muy fuertes, hay un compa&ntilde;erismo muy grande dentro del plantel y eso tenemos que sacarlo a flote para lograr el objetivo final pase lo que pase que es salir campe&oacute;n&quot;, dijo Rojas en di&aacute;logo con Al Aire Libre en Cooperativa.<\/p>\n<p> &quot;Hay momentos buenos y malos, momentos de sorpresa. El que vivimos hoy es de sorpresa y obviamente eso no nos quita el sue&ntilde;o que tenemos como plantel, as&iacute; que queremos seguir dando la lucha&quot;, agreg&oacute; el defensa.<\/p>\n<p> El lateral tambi&eacute;n se mostr&oacute; ofuscado por un evidente penal no sancionado por Enrique Osses que, seg&uacute;n el jugador, pudo torcer el rumbo de la llave a favor de Audax Italiano.<\/p>\n<p> &quot;En estas instancias todo se te pone cuesta arriba. Le dieron vida a Audax con ese penal y no es primera vez que pasa. Estamos de acuerdo que el partido no fue el que quisimos plantear dentro de la cancha. Hay que dejarlo en el olvido y sacar muchas ense&ntilde;anzas&quot;, coment&oacute;.<\/p>\n<p> Rojas revel&oacute; detalles de lo ocurrido en el camar&iacute;n, cuando el renunciado t&eacute;cnico comunic&oacute; su decisi&oacute;n a los jugadores. &quot;Dijo que no pod&iacute;a seguir as&iacute; por motivos del arbitraje. Obviamente la U es un equipo muy grande y hoy en d&iacute;a no tiene ese valor como realmente tuviese que ser. Estoy seguro que si estuvi&eacute;ramos en otras instancias y a lo mejor ganando m&aacute;s t&iacute;tulos ese penal lo cobra. A lo mejor no tenemos ese peso y eso se logra campeonato tras campeonato&quot;.<\/p>\n<p> Otro que se mostr&oacute; sorprendido por la decisi&oacute;n de Markari&aacute;n fue el portero Miguel Pinto, quien pese a respetarla, reconoci&oacute; que es un &quot;golpe fuerte&quot; pensando en las instancias decisivas del certamen.<\/p>\n<p> &quot;Hay m&aacute;s motivos. El tiene sus razones, yo respeto su decisi&oacute;n, &eacute;l es sabio en tomar sus decisiones, pero estamos mentalizados en el mi&eacute;rcoles. Nos quedan 72 horas para volver a jugar y como equipo estamos enfocados en eso. Es un golpe fuerte, pero no nos tiene que dejar decaer ni nada por el estilo&quot;, indic&oacute;. <\/p>\n","protected":false},"excerpt":{"rendered":"<p>El defensor de Universidad de Chile se declar&oacute; sorprendido por la renuncia del estratega. Luego de conocerse la intempestiva renuncia del uruguayo Sergio Markari&aacute;n a la banca de Universidad de Chile, el lateral Jos&eacute; Rojas resumi&oacute; el sentir del plantel estudiantil expresando su &quot;sorpresa&quot; por la medida.<\/p>\n","protected":false},"author":1,"featured_media":0,"comment_status":"open","ping_status":"open","sticky":false,"template":"","format":"standard","meta":{"footnotes":""},"categories":[18],"tags":[],"class_list":{"0":"post-1594","1":"post","2":"type-post","3":"status-publish","4":"format-standard","6":"category-actualidad"},"_links":{"self":[{"href":"http:\/\/www.rincondelbulla.cl\/portal\/wp-json\/wp\/v2\/posts\/1594","targetHints":{"allow":["GET"]}}],"collection":[{"href":"http:\/\/www.rincondelbulla.cl\/portal\/wp-json\/wp\/v2\/posts"}],"about":[{"href":"http:\/\/www.rincondelbulla.cl\/portal\/wp-json\/wp\/v2\/types\/post"}],"author":[{"embeddable":true,"href":"http:\/\/www.rincondelbulla.cl\/portal\/wp-json\/wp\/v2\/users\/1"}],"replies":[{"embeddable":true,"href":"http:\/\/www.rincondelbulla.cl\/portal\/wp-json\/wp\/v2\/comments?post=1594"}],"version-history":[{"count":0,"href":"http:\/\/www.rincondelbulla.cl\/portal\/wp-json\/wp\/v2\/posts\/1594\/revisions"}],"wp:attachment":[{"href":"http:\/\/www.rincondelbulla.cl\/portal\/wp-json\/wp\/v2\/media?parent=1594"}],"wp:term":[{"taxonomy":"category","embeddable":true,"href":"http:\/\/www.rincondelbulla.cl\/portal\/wp-json\/wp\/v2\/categories?post=1594"},{"taxonomy":"post_tag","embeddable":true,"href":"http:\/\/www.rincondelbulla.cl\/portal\/wp-json\/wp\/v2\/tags?post=1594"}],"curies":[{"name":"wp","href":"https:\/\/api.w.org\/{rel}","templated":true}]}}