{"id":1595,"date":"2009-06-21T14:57:28","date_gmt":"2009-06-21T14:57:28","guid":{"rendered":"http:\/\/www.rincondelbulla.cl\/portal\/?p=1595"},"modified":"2009-06-21T14:57:28","modified_gmt":"2009-06-21T14:57:28","slug":"sergio-markarian-en-el-dia-despues-de-su-anuncio-no-hay-nada-traumatico","status":"publish","type":"post","link":"http:\/\/www.rincondelbulla.cl\/portal\/2009\/06\/21\/sergio-markarian-en-el-dia-despues-de-su-anuncio-no-hay-nada-traumatico\/","title":{"rendered":"Sergio Markari\u00e1n en el d\u00eda despu\u00e9s de su anuncio: \u00abNo hay nada traum\u00e1tico\u00bb"},"content":{"rendered":"<p><img decoding=\"async\" src=\"images\/stories\/sergio_markarian5.jpg\" hspace=\"6\" alt=\"\" title=\"\" border=\"0\" style=\"float: left;\" \/><b>El t&eacute;cnico de la U aclar&oacute; que lo suyo no es una renuncia, sino hacer uso de su opci&oacute;n de quedar libre al final del Apertura.<\/b><br \/> Con mucha tranquilidad habl&oacute; este domingo el t&eacute;cnico Sergio Markari&aacute;n, en el d&iacute;a despu&eacute;s de anunciar que dejar&aacute; la banca de Universidad de Chile al t&eacute;rmino del Torneo de Apertura.<br \/>  <!--more--> <\/p>\n<p> El estratega dialog&oacute; con la prensa una vez concluido el entrenamiento, despu&eacute;s de la derrota ante Audax Italiano (2-4), que igualmente clasific&oacute; a la U a semifinales del certamen.<\/p>\n<p> &quot;Estamos bien, independientemente de que voy a hacer uso de la opci&oacute;n de quedar libre al final del Apertura y quiero aclarar que no es una renuncia, es hacer uso de la opci&oacute;n que por acuerdo ten&iacute;amos, as&iacute; que no hay nada traum&aacute;tico, esto es absolutamente normal&quot;, se&ntilde;al&oacute; el uruguayo.<\/p>\n<p> &quot;Fuera de eso, los jugadores est&aacute;n conscientes que estaremos juntos hasta el final del Apertura y que vamos a jugar a jugar a muerte los partidos que vienen&quot;, enfatiz&oacute; Markari&aacute;n.<\/p>\n<p> De paso, el estratega neg&oacute; rotundamente tener una oferta de alg&uacute;n club extranjero para continuar su carrera.<\/p>\n<p> En tanto, el plantel recibi&oacute; la visita de Federico Vald&eacute;s, presidente de Azul Azul, que le dio el respaldo de la directiva y le brind&oacute; total confianza para lograr el t&iacute;tulo del Torneo de Apertura. <\/p>\n","protected":false},"excerpt":{"rendered":"<p>El t&eacute;cnico de la U aclar&oacute; que lo suyo no es una renuncia, sino hacer uso de su opci&oacute;n de quedar libre al final del Apertura. Con mucha tranquilidad habl&oacute; este domingo el t&eacute;cnico Sergio Markari&aacute;n, en el d&iacute;a despu&eacute;s de anunciar que dejar&aacute; la banca de Universidad de Chile al t&eacute;rmino del Torneo de [&#8230;]<\/p>\n","protected":false},"author":1,"featured_media":0,"comment_status":"open","ping_status":"open","sticky":false,"template":"","format":"standard","meta":{"footnotes":""},"categories":[18],"tags":[],"class_list":{"0":"post-1595","1":"post","2":"type-post","3":"status-publish","4":"format-standard","6":"category-actualidad"},"_links":{"self":[{"href":"http:\/\/www.rincondelbulla.cl\/portal\/wp-json\/wp\/v2\/posts\/1595","targetHints":{"allow":["GET"]}}],"collection":[{"href":"http:\/\/www.rincondelbulla.cl\/portal\/wp-json\/wp\/v2\/posts"}],"about":[{"href":"http:\/\/www.rincondelbulla.cl\/portal\/wp-json\/wp\/v2\/types\/post"}],"author":[{"embeddable":true,"href":"http:\/\/www.rincondelbulla.cl\/portal\/wp-json\/wp\/v2\/users\/1"}],"replies":[{"embeddable":true,"href":"http:\/\/www.rincondelbulla.cl\/portal\/wp-json\/wp\/v2\/comments?post=1595"}],"version-history":[{"count":0,"href":"http:\/\/www.rincondelbulla.cl\/portal\/wp-json\/wp\/v2\/posts\/1595\/revisions"}],"wp:attachment":[{"href":"http:\/\/www.rincondelbulla.cl\/portal\/wp-json\/wp\/v2\/media?parent=1595"}],"wp:term":[{"taxonomy":"category","embeddable":true,"href":"http:\/\/www.rincondelbulla.cl\/portal\/wp-json\/wp\/v2\/categories?post=1595"},{"taxonomy":"post_tag","embeddable":true,"href":"http:\/\/www.rincondelbulla.cl\/portal\/wp-json\/wp\/v2\/tags?post=1595"}],"curies":[{"name":"wp","href":"https:\/\/api.w.org\/{rel}","templated":true}]}}