{"id":1621,"date":"2009-06-30T10:45:24","date_gmt":"2009-06-30T10:45:24","guid":{"rendered":"http:\/\/www.rincondelbulla.cl\/portal\/?p=1621"},"modified":"2009-06-30T10:45:24","modified_gmt":"2009-06-30T10:45:24","slug":"caputto-cree-que-markarian-podria-quedarse-si-la-u-logra-el-titulo","status":"publish","type":"post","link":"http:\/\/www.rincondelbulla.cl\/portal\/2009\/06\/30\/caputto-cree-que-markarian-podria-quedarse-si-la-u-logra-el-titulo\/","title":{"rendered":"Caputto cree que Markari\u00e1n podr\u00eda quedarse si la U logra el t\u00edtulo"},"content":{"rendered":"<p><img decoding=\"async\" src=\"images\/stories\/hernan_caputto.jpg\" hspace=\"6\" alt=\"\" title=\"\" border=\"0\" style=\"float: left;\" \/><b>Si estuvi&eacute;ramos en el lugar de Uni&oacute;n quiz&aacute; estar&iacute;amos en la misma posici&oacute;n, pero no creo que hayan ventajas, dijo el golero azul con respecto a la intenci&oacute;n hispana de postergar la final.<\/b><br \/> En las cabezas de los jugadores de Universidad de Chile ronda una sola cosa: ser campe&oacute;n.<br \/>  <!--more--> <\/p>\n<p> &quot;Son las ansias y el anhelo nuestro, es el &uacute;nico objetivo por el que hemos trabajado estos seis meses y ahora que estamos m&aacute;s cerca tenemos todas las ganas de hacerlo&quot;, confiesa Hern&aacute;n Caputto, arquero de los azules, desde el hotel de concentraci&oacute;n del equipo, a Emol.<\/p>\n<p> Tras la clasificaci&oacute;n que esta tarde logr&oacute; Uni&oacute;n Espa&ntilde;ola, los azules tienen el nombre y fisonom&iacute;a de un rival concreto: el ganador de la fase regular del Apertura.<\/p>\n<p> &quot;Cualquiera de los dos iba a ser un rival s&uacute;per dif&iacute;cil. Uni&oacute;n tiene los merecimientos propios para estar en la final&quot;, se&ntilde;ala Caputto.<\/p>\n<p> &quot;Plantearon su partido muy bien, con un hombre menos se pararon muy bien y llegaron muy meritoriamente a los penales, y los penales son una loter&iacute;a y hoy le toco a Uni&oacute;n&quot;, completa el cuidapalos, analizando el partido de hoy, lunes, entre rojos y cruzados.<\/p>\n<p> <b>La &quot;ventaja&quot; de la U<\/b><\/p>\n<p> En Uni&oacute;n Espa&ntilde;ola han dicho en todos los tonos que quieren cambiar las fechas de la final. Que dos d&iacute;as de descanso son muy pocos, considerando que el de hoy, lunes, fue un partido muy desgastante.<\/p>\n<p> En la otra vereda est&aacute; Universidad de Chile, que tendr&aacute; cuatro d&iacute;as de para.<\/p>\n<p> &quot;Es s&uacute;per entendible lo de Uni&oacute;n, pero nosotros no podemos hacer mucho, nosotros nos abocamos a lo q dej&oacute; en claro la ANFP y estamos preparados para el partido&quot;, explica el ex meta de Palestino y Osorno, entre otros clubes.<\/p>\n<p> &quot;Si estuvi&eacute;ramos en el lugar de Uni&oacute;n, quiz&aacute;, estar&iacute;amos en la misma posici&oacute;n, pero es la Asociaci&oacute;n la que decide. Pero no creo que haya ventaja o desventaja&quot;, agrega.<\/p>\n<p> <b>El caso Markari&aacute;n<br \/> <\/b><br \/> La partida de Sergio Markari&aacute;n ha sido tema en el plantel azul. De hecho, tras el partido ante Everton, el equipo laico le manifest&oacute; a su entrenador que quer&iacute;an que se quedara.<\/p>\n<p> &quot;Se habl&oacute; despu&eacute;s del partido. Le tiene que haber gustado (a Markari&aacute;n) la manera en que se lo manifestamos, pero no s&eacute; c&oacute;mo decidir&aacute; &eacute;l &#8230;&quot;, cuenta Caputto.<\/p>\n<p> &quot;Estamos a muerte con el cuerpo t&eacute;cnico y con el compromiso hacia esta instituci&oacute;n. Es s&uacute;per importante, quiz&aacute;, lo que hagamos este fin de semana para que pueda quedarse&quot;, confiesa el golero.<\/p>\n<p> &quot;Estamos con mucha ilusi&oacute;n y muchas ganas. Si estamos bien, podemos conseguir nuestro objetivo, sobre todo el jueves, donde hay que dar el primer golpe&quot;, sentencia el trasandino. <\/p>\n","protected":false},"excerpt":{"rendered":"<p>Si estuvi&eacute;ramos en el lugar de Uni&oacute;n quiz&aacute; estar&iacute;amos en la misma posici&oacute;n, pero no creo que hayan ventajas, dijo el golero azul con respecto a la intenci&oacute;n hispana de postergar la final. En las cabezas de los jugadores de Universidad de Chile ronda una sola cosa: ser campe&oacute;n.<\/p>\n","protected":false},"author":1,"featured_media":0,"comment_status":"open","ping_status":"open","sticky":false,"template":"","format":"standard","meta":{"footnotes":""},"categories":[18],"tags":[],"class_list":{"0":"post-1621","1":"post","2":"type-post","3":"status-publish","4":"format-standard","6":"category-actualidad"},"_links":{"self":[{"href":"http:\/\/www.rincondelbulla.cl\/portal\/wp-json\/wp\/v2\/posts\/1621","targetHints":{"allow":["GET"]}}],"collection":[{"href":"http:\/\/www.rincondelbulla.cl\/portal\/wp-json\/wp\/v2\/posts"}],"about":[{"href":"http:\/\/www.rincondelbulla.cl\/portal\/wp-json\/wp\/v2\/types\/post"}],"author":[{"embeddable":true,"href":"http:\/\/www.rincondelbulla.cl\/portal\/wp-json\/wp\/v2\/users\/1"}],"replies":[{"embeddable":true,"href":"http:\/\/www.rincondelbulla.cl\/portal\/wp-json\/wp\/v2\/comments?post=1621"}],"version-history":[{"count":0,"href":"http:\/\/www.rincondelbulla.cl\/portal\/wp-json\/wp\/v2\/posts\/1621\/revisions"}],"wp:attachment":[{"href":"http:\/\/www.rincondelbulla.cl\/portal\/wp-json\/wp\/v2\/media?parent=1621"}],"wp:term":[{"taxonomy":"category","embeddable":true,"href":"http:\/\/www.rincondelbulla.cl\/portal\/wp-json\/wp\/v2\/categories?post=1621"},{"taxonomy":"post_tag","embeddable":true,"href":"http:\/\/www.rincondelbulla.cl\/portal\/wp-json\/wp\/v2\/tags?post=1621"}],"curies":[{"name":"wp","href":"https:\/\/api.w.org\/{rel}","templated":true}]}}