{"id":1624,"date":"2009-07-01T12:27:20","date_gmt":"2009-07-01T12:27:20","guid":{"rendered":"http:\/\/www.rincondelbulla.cl\/portal\/?p=1624"},"modified":"2009-07-01T12:27:20","modified_gmt":"2009-07-01T12:27:20","slug":"jose-basualdo-se-transformo-en-la-mejor-opcion-para-la-u","status":"publish","type":"post","link":"http:\/\/www.rincondelbulla.cl\/portal\/2009\/07\/01\/jose-basualdo-se-transformo-en-la-mejor-opcion-para-la-u\/","title":{"rendered":"Jos\u00e9 Basualdo se transform\u00f3 en la mejor opci\u00f3n para la &#8216;U&#8217;"},"content":{"rendered":"<p><img decoding=\"async\" src=\"images\/stories\/jose_basualdo.jpg\" hspace=\"6\" alt=\"\" title=\"\" border=\"0\" style=\"float: left;\" \/><b>El t&eacute;cnico de Santiago Morning se reuni&oacute; con Azul Azul para explicar su m&eacute;todo de trabajo. La dirigencia universitaria qued&oacute; encantada con las propuestas del argentino, que &quot;s&oacute;lo&quot; cobrar&iacute;a 300 mil&nbsp; d&oacute;lares. Mientras que Nelson Acosta renov&oacute; hasta el 2013 con Everton.<\/b><br \/> La anticipada renuncia de Sergio Markari&aacute;n supuso un gran problema para Azul  <!--more--> Azul. La concesionaria debi&oacute; ponerse a trabajar contra el tiempo para&nbsp; buscar al nuevo entrenador para Universidad de Chile. Y la dirigencia universitaria tuvo en Nelson Acosta a su primera opci&oacute;n.<\/p>\n<p> Sin embargo, nunca hubo contactos formales con el ex t&eacute;cnico de la selecci&oacute;n chilena, lo que sumado a las quejas de Everton terminaron enfriando el inter&eacute;s. Ahora el calvo DT renov&oacute; hasta el 2013 con los &#8216;ruleteros&#8217;, raz&oacute;n por la cual debieron echar mano al Plan B: Jos&eacute; Basualdo.<\/p>\n<p> El t&eacute;cnico de Santiago Morning era otra de las cartas de la directiva encabezada por Federico Vald&eacute;s, la cual con el correr de los d&iacute;as se transform&oacute; en la opci&oacute;n m&aacute;s cercana para dirigir a la &#8216;U&#8217; en el Clausura &iquest;La raz&oacute;n? El argentino es m&aacute;s econ&oacute;mico y ya se reuni&oacute; con Azul Azul.<\/p>\n<p> En el encuentro con los dirigentes, el argentino subi&oacute; sus bonos gracias a que prometi&oacute; un equipo ofensivo, no le molest&oacute; no tener instalaciones donde entrenar ni saber d&oacute;nde ser&aacute;n locales y &quot;s&oacute;lo&quot; pidi&oacute; 300 mil d&oacute;lares para &eacute;l y su cuerpo t&eacute;cnico. Por los dos lados existe inter&eacute;s en lograr el acuerdo, por lo que en las pr&oacute;ximas horas se sellar&iacute;a el salto del Basualdo a U. de Chile. <\/p>\n","protected":false},"excerpt":{"rendered":"<p>El t&eacute;cnico de Santiago Morning se reuni&oacute; con Azul Azul para explicar su m&eacute;todo de trabajo. La dirigencia universitaria qued&oacute; encantada con las propuestas del argentino, que &quot;s&oacute;lo&quot; cobrar&iacute;a 300 mil&nbsp; d&oacute;lares. Mientras que Nelson Acosta renov&oacute; hasta el 2013 con Everton. La anticipada renuncia de Sergio Markari&aacute;n supuso un gran problema para Azul<\/p>\n","protected":false},"author":1,"featured_media":0,"comment_status":"open","ping_status":"open","sticky":false,"template":"","format":"standard","meta":{"footnotes":""},"categories":[18],"tags":[],"class_list":{"0":"post-1624","1":"post","2":"type-post","3":"status-publish","4":"format-standard","6":"category-actualidad"},"_links":{"self":[{"href":"http:\/\/www.rincondelbulla.cl\/portal\/wp-json\/wp\/v2\/posts\/1624","targetHints":{"allow":["GET"]}}],"collection":[{"href":"http:\/\/www.rincondelbulla.cl\/portal\/wp-json\/wp\/v2\/posts"}],"about":[{"href":"http:\/\/www.rincondelbulla.cl\/portal\/wp-json\/wp\/v2\/types\/post"}],"author":[{"embeddable":true,"href":"http:\/\/www.rincondelbulla.cl\/portal\/wp-json\/wp\/v2\/users\/1"}],"replies":[{"embeddable":true,"href":"http:\/\/www.rincondelbulla.cl\/portal\/wp-json\/wp\/v2\/comments?post=1624"}],"version-history":[{"count":0,"href":"http:\/\/www.rincondelbulla.cl\/portal\/wp-json\/wp\/v2\/posts\/1624\/revisions"}],"wp:attachment":[{"href":"http:\/\/www.rincondelbulla.cl\/portal\/wp-json\/wp\/v2\/media?parent=1624"}],"wp:term":[{"taxonomy":"category","embeddable":true,"href":"http:\/\/www.rincondelbulla.cl\/portal\/wp-json\/wp\/v2\/categories?post=1624"},{"taxonomy":"post_tag","embeddable":true,"href":"http:\/\/www.rincondelbulla.cl\/portal\/wp-json\/wp\/v2\/tags?post=1624"}],"curies":[{"name":"wp","href":"https:\/\/api.w.org\/{rel}","templated":true}]}}