{"id":16251,"date":"2019-03-14T02:34:54","date_gmt":"2019-03-14T05:34:54","guid":{"rendered":"http:\/\/www.rincondelbulla.cl\/portal\/?p=16251"},"modified":"2019-03-14T02:32:40","modified_gmt":"2019-03-14T05:32:40","slug":"alfredo-arias-entrenara-desde-hoy-a-la-u","status":"publish","type":"post","link":"http:\/\/www.rincondelbulla.cl\/portal\/2019\/03\/14\/alfredo-arias-entrenara-desde-hoy-a-la-u\/","title":{"rendered":"Alfredo Arias entrenar\u00e1 desde hoy a la \u00abU\u00bb"},"content":{"rendered":"\n<p><strong>Sin tiempo para interinatos, los azules ya tienen todo listo para el nuevo t\u00e9cnico.<\/strong><\/p>\n\n\n\n<!--more-->\n\n\n\n<p>Durante la semana se coment\u00f3 que la \u00abU\u00bb sondeaba t\u00e9cnicos uruguayos, y finalmente ser\u00eda Alfredo Arias quien arribe al CDA.<\/p>\n\n\n\n<p>Marsol Arias, hermano y representante del t\u00e9cnico explic\u00f3 a La Cuarta lo que ser\u00eda un acuerdo pr\u00e1cticamente cerrado.<\/p>\n\n\n\n<p>\u201c<strong>Nos contactaron y nosotros ya manifestamos nuestra intenci\u00f3n de ir a la U. A Alfredo desde siempre, incluso cuando era jugador profesional le atrae la idea de llegar a Universidad de Chile<\/strong>. Es un equipo grande de Sudam\u00e9rica. Alfredo s\u00f3lo espera que la U se decida\u201d, cont\u00f3 al diario nacional.<\/p>\n\n\n\n<p><strong>Lo concreto es que Alfredo Arias durante hoy llegar\u00e1 al CDA para cerrar el acuerdo que se extender\u00eda s\u00f3lo hasta diciembre, para a eso de las 17 horas tener su primer entrenamiento. <\/strong><\/p>\n","protected":false},"excerpt":{"rendered":"<p>Sin tiempo para interinatos, los azules ya tienen todo listo para el nuevo t\u00e9cnico.<\/p>\n","protected":false},"author":1,"featured_media":16252,"comment_status":"closed","ping_status":"open","sticky":false,"template":"","format":"standard","meta":{"footnotes":""},"categories":[18],"tags":[1533,1531,102,1014,294],"class_list":{"0":"post-16251","1":"post","2":"type-post","3":"status-publish","4":"format-standard","5":"has-post-thumbnail","7":"category-actualidad","8":"tag-alfredo-arias","9":"tag-frank-kudelka","10":"tag-los-de-abajo","11":"tag-sabino-aguad","12":"tag-u-de-chile"},"_links":{"self":[{"href":"http:\/\/www.rincondelbulla.cl\/portal\/wp-json\/wp\/v2\/posts\/16251","targetHints":{"allow":["GET"]}}],"collection":[{"href":"http:\/\/www.rincondelbulla.cl\/portal\/wp-json\/wp\/v2\/posts"}],"about":[{"href":"http:\/\/www.rincondelbulla.cl\/portal\/wp-json\/wp\/v2\/types\/post"}],"author":[{"embeddable":true,"href":"http:\/\/www.rincondelbulla.cl\/portal\/wp-json\/wp\/v2\/users\/1"}],"replies":[{"embeddable":true,"href":"http:\/\/www.rincondelbulla.cl\/portal\/wp-json\/wp\/v2\/comments?post=16251"}],"version-history":[{"count":3,"href":"http:\/\/www.rincondelbulla.cl\/portal\/wp-json\/wp\/v2\/posts\/16251\/revisions"}],"predecessor-version":[{"id":16255,"href":"http:\/\/www.rincondelbulla.cl\/portal\/wp-json\/wp\/v2\/posts\/16251\/revisions\/16255"}],"wp:featuredmedia":[{"embeddable":true,"href":"http:\/\/www.rincondelbulla.cl\/portal\/wp-json\/wp\/v2\/media\/16252"}],"wp:attachment":[{"href":"http:\/\/www.rincondelbulla.cl\/portal\/wp-json\/wp\/v2\/media?parent=16251"}],"wp:term":[{"taxonomy":"category","embeddable":true,"href":"http:\/\/www.rincondelbulla.cl\/portal\/wp-json\/wp\/v2\/categories?post=16251"},{"taxonomy":"post_tag","embeddable":true,"href":"http:\/\/www.rincondelbulla.cl\/portal\/wp-json\/wp\/v2\/tags?post=16251"}],"curies":[{"name":"wp","href":"https:\/\/api.w.org\/{rel}","templated":true}]}}