{"id":16319,"date":"2019-03-27T15:29:04","date_gmt":"2019-03-27T18:29:04","guid":{"rendered":"http:\/\/www.rincondelbulla.cl\/portal\/?p=16319"},"modified":"2019-03-28T15:34:10","modified_gmt":"2019-03-28T18:34:10","slug":"yerko-leiva-la-nueva-baja-en-la-u","status":"publish","type":"post","link":"http:\/\/www.rincondelbulla.cl\/portal\/2019\/03\/27\/yerko-leiva-la-nueva-baja-en-la-u\/","title":{"rendered":"Yerko Leiva: La nueva baja en la U"},"content":{"rendered":"\n<p><strong>Una fractura lo deja fuera por al menos tres semanas.<\/strong><\/p>\n\n\n\n<!--more-->\n\n\n\n<p>En el \u00faltimo tiempo, Universidad de Chile ha tenido que lidiar con las lesiones de varios de sus jugadores. Hoy, se suma Yerko Leiva quien estar\u00e1 varias fechas fuera de la cancha.<\/p>\n\n\n\n<p>El volante azul sufri\u00f3 la <strong>fractura del quinto metartasiano en su pie izquierdo y el tiempo de recuperaci\u00f3n ser\u00eda m\u00ednimo tres semanas.<\/strong><br><\/p>\n\n\n\n<p>Leiva no podr\u00e1 estar presentes en los pr\u00f3ximos tres partidos que disputar\u00e1 Universidad de Chile, ante Deportes Antofagasta, Uni\u00f3n La Calera y Universidad Cat\u00f3lica en el Cl\u00e1sico Universitario.<br><br><\/p>\n","protected":false},"excerpt":{"rendered":"<p>Una fractura lo deja fuera por varias semanas.<\/p>\n","protected":false},"author":21385,"featured_media":11553,"comment_status":"closed","ping_status":"open","sticky":false,"template":"","format":"standard","meta":{"footnotes":""},"categories":[18],"tags":[984,630,102,294,1071],"class_list":{"0":"post-16319","1":"post","2":"type-post","3":"status-publish","4":"format-standard","5":"has-post-thumbnail","7":"category-actualidad","8":"tag-fractura","9":"tag-lesion","10":"tag-los-de-abajo","11":"tag-u-de-chile","12":"tag-yerko-leiva"},"_links":{"self":[{"href":"http:\/\/www.rincondelbulla.cl\/portal\/wp-json\/wp\/v2\/posts\/16319","targetHints":{"allow":["GET"]}}],"collection":[{"href":"http:\/\/www.rincondelbulla.cl\/portal\/wp-json\/wp\/v2\/posts"}],"about":[{"href":"http:\/\/www.rincondelbulla.cl\/portal\/wp-json\/wp\/v2\/types\/post"}],"author":[{"embeddable":true,"href":"http:\/\/www.rincondelbulla.cl\/portal\/wp-json\/wp\/v2\/users\/21385"}],"replies":[{"embeddable":true,"href":"http:\/\/www.rincondelbulla.cl\/portal\/wp-json\/wp\/v2\/comments?post=16319"}],"version-history":[{"count":1,"href":"http:\/\/www.rincondelbulla.cl\/portal\/wp-json\/wp\/v2\/posts\/16319\/revisions"}],"predecessor-version":[{"id":16320,"href":"http:\/\/www.rincondelbulla.cl\/portal\/wp-json\/wp\/v2\/posts\/16319\/revisions\/16320"}],"wp:featuredmedia":[{"embeddable":true,"href":"http:\/\/www.rincondelbulla.cl\/portal\/wp-json\/wp\/v2\/media\/11553"}],"wp:attachment":[{"href":"http:\/\/www.rincondelbulla.cl\/portal\/wp-json\/wp\/v2\/media?parent=16319"}],"wp:term":[{"taxonomy":"category","embeddable":true,"href":"http:\/\/www.rincondelbulla.cl\/portal\/wp-json\/wp\/v2\/categories?post=16319"},{"taxonomy":"post_tag","embeddable":true,"href":"http:\/\/www.rincondelbulla.cl\/portal\/wp-json\/wp\/v2\/tags?post=16319"}],"curies":[{"name":"wp","href":"https:\/\/api.w.org\/{rel}","templated":true}]}}