{"id":16387,"date":"2019-04-16T12:45:12","date_gmt":"2019-04-16T16:45:12","guid":{"rendered":"http:\/\/www.rincondelbulla.cl\/portal\/?p=16387"},"modified":"2019-04-16T12:45:14","modified_gmt":"2019-04-16T16:45:14","slug":"rafael-caroca-no-se-me-pasa-por-la-cabeza-descender","status":"publish","type":"post","link":"http:\/\/www.rincondelbulla.cl\/portal\/2019\/04\/16\/rafael-caroca-no-se-me-pasa-por-la-cabeza-descender\/","title":{"rendered":"Rafael Caroca: \u201cNo se me pasa por la cabeza descender\u00bb"},"content":{"rendered":"\n<p><strong>El volante azul tiene claro que muchos de los dardos del mal juego caen sobre \u00e9l.<\/strong><\/p>\n\n\n\n<!--more-->\n\n\n\n<p><strong>\u00abEstoy fuerte mentalmente. Todos estamos con la misma fortaleza para sortear este momento. Creo que todos quieren estar. Todos vamos a sortear este momento. Es algo que creo absolutamente\u201d<\/strong>, se\u00f1al\u00f3 en conferencia de prensa Rafael Caroca.<\/p>\n\n\n\n<p>Sobre las cr\u00edticas a Alfredo Arias y la supuesta renuncia, Caroca se\u00f1al\u00f3 que \u00ab<strong>veo muy seguro y preparado al entrenador. Creo que en el cl\u00e1sico no hicimos lo que practicamos en la semana y eso es responsabilidad de todo<\/strong>s. Estamos todos con mucho compromiso para sacar adelante la situaci\u00f3n\u00bb.<\/p>\n\n\n\n<p><strong>\u00abNo se me pasa por la cabeza el descenso ni estar mal. Conf\u00edo plenamente en mis compa\u00f1eros. Queda un largo camino, que va a ser duro, pero tengo el convencimiento de que lo sacaremos adelante\u00bb<\/strong>, agreg\u00f3 sobre los comentarios de bajar a la B.<\/p>\n\n\n\n<p>Adem\u00e1s, tuvo tiempo para hablar de las cr\u00edticas a Beausejour, quien el domingo no estuvo ni citado, pero esa misma noche se integr\u00f3 al microciclo de la selecci\u00f3n: \u00ab<strong>El &#8216;Bose&#8217; entren\u00f3 con nosotros el viernes y el s\u00e1bado y por una lesi\u00f3n no pudo estar. Fue una decisi\u00f3n t\u00e9cnica, pero \u00e9l no estaba apto para jugar<\/strong>. Para m\u00ed, \u00e9l es una persona admirable y me da pena que sugieran que hay desconfianza con alguien que tiene logros internacionales y que siempre sac\u00f3 la cara por Chile\u00bb.<\/p>\n","protected":false},"excerpt":{"rendered":"<p>El volante azul tiene claro que muchos de los dardos del mal juego caen sobre \u00e9l.<\/p>\n","protected":false},"author":65,"featured_media":16389,"comment_status":"closed","ping_status":"open","sticky":false,"template":"","format":"video","meta":{"footnotes":""},"categories":[18],"tags":[1533,821,102,900,294],"class_list":{"0":"post-16387","1":"post","2":"type-post","3":"status-publish","4":"format-video","5":"has-post-thumbnail","7":"category-actualidad","8":"tag-alfredo-arias","9":"tag-jean-beausejour","10":"tag-los-de-abajo","11":"tag-rafael-caroca","12":"tag-u-de-chile","13":"post_format-post-format-video"},"_links":{"self":[{"href":"http:\/\/www.rincondelbulla.cl\/portal\/wp-json\/wp\/v2\/posts\/16387","targetHints":{"allow":["GET"]}}],"collection":[{"href":"http:\/\/www.rincondelbulla.cl\/portal\/wp-json\/wp\/v2\/posts"}],"about":[{"href":"http:\/\/www.rincondelbulla.cl\/portal\/wp-json\/wp\/v2\/types\/post"}],"author":[{"embeddable":true,"href":"http:\/\/www.rincondelbulla.cl\/portal\/wp-json\/wp\/v2\/users\/65"}],"replies":[{"embeddable":true,"href":"http:\/\/www.rincondelbulla.cl\/portal\/wp-json\/wp\/v2\/comments?post=16387"}],"version-history":[{"count":2,"href":"http:\/\/www.rincondelbulla.cl\/portal\/wp-json\/wp\/v2\/posts\/16387\/revisions"}],"predecessor-version":[{"id":16390,"href":"http:\/\/www.rincondelbulla.cl\/portal\/wp-json\/wp\/v2\/posts\/16387\/revisions\/16390"}],"wp:featuredmedia":[{"embeddable":true,"href":"http:\/\/www.rincondelbulla.cl\/portal\/wp-json\/wp\/v2\/media\/16389"}],"wp:attachment":[{"href":"http:\/\/www.rincondelbulla.cl\/portal\/wp-json\/wp\/v2\/media?parent=16387"}],"wp:term":[{"taxonomy":"category","embeddable":true,"href":"http:\/\/www.rincondelbulla.cl\/portal\/wp-json\/wp\/v2\/categories?post=16387"},{"taxonomy":"post_tag","embeddable":true,"href":"http:\/\/www.rincondelbulla.cl\/portal\/wp-json\/wp\/v2\/tags?post=16387"}],"curies":[{"name":"wp","href":"https:\/\/api.w.org\/{rel}","templated":true}]}}