{"id":16416,"date":"2019-04-17T18:33:16","date_gmt":"2019-04-17T22:33:16","guid":{"rendered":"http:\/\/www.rincondelbulla.cl\/portal\/?p=16416"},"modified":"2019-04-17T18:33:17","modified_gmt":"2019-04-17T22:33:17","slug":"augusto-barrios-fue-operado","status":"publish","type":"post","link":"http:\/\/www.rincondelbulla.cl\/portal\/2019\/04\/17\/augusto-barrios-fue-operado\/","title":{"rendered":"Augusto Barrios fue operado"},"content":{"rendered":"\n<p><strong>El jugador fue intervenido con \u00e9xito de su lesi\u00f3n en la rodilla izquierda.<\/strong><\/p>\n\n\n\n<!--more-->\n\n\n\n<p>El partido con Uni\u00f3n La Calera dej\u00f3 como damnificado a Augusto Barrios, quien en los primeros minutos se lesion\u00f3 y el diagn\u00f3stico fue muy desalentador: rotura de ligamento cruzado anterior.<\/p>\n\n\n\n<p>Por lo mismo el doctor Fernando Radice, Jefe del \u00c1rea M\u00e9dica de la \u00abU\u00bb oper\u00f3 esta tarde al jugador. \u201c<strong>Realizamos una reconstrucci\u00f3n del ligamento cruzado anterior de la rodilla izquierda. Quedamos muy conformes con el resultado de la cirug\u00eda y ma\u00f1ana se va de alta<\/strong>\u201d, indic\u00f3.<\/p>\n\n\n\n<p>Adem\u00e1s, el galeno indic\u00f3 que desde este lunes inicia su recuperaci\u00f3n en el CDA, la que se estima puede durar cerca de 6 meses.  <\/p>\n","protected":false},"excerpt":{"rendered":"<p>El jugador fue intervenido con \u00e9xito de su lesi\u00f3n en la rodilla izquierda.<\/p>\n","protected":false},"author":65,"featured_media":16334,"comment_status":"closed","ping_status":"open","sticky":false,"template":"","format":"standard","meta":{"footnotes":""},"categories":[18],"tags":[1550,102,294],"class_list":{"0":"post-16416","1":"post","2":"type-post","3":"status-publish","4":"format-standard","5":"has-post-thumbnail","7":"category-actualidad","8":"tag-augusto-barrios","9":"tag-los-de-abajo","10":"tag-u-de-chile"},"_links":{"self":[{"href":"http:\/\/www.rincondelbulla.cl\/portal\/wp-json\/wp\/v2\/posts\/16416","targetHints":{"allow":["GET"]}}],"collection":[{"href":"http:\/\/www.rincondelbulla.cl\/portal\/wp-json\/wp\/v2\/posts"}],"about":[{"href":"http:\/\/www.rincondelbulla.cl\/portal\/wp-json\/wp\/v2\/types\/post"}],"author":[{"embeddable":true,"href":"http:\/\/www.rincondelbulla.cl\/portal\/wp-json\/wp\/v2\/users\/65"}],"replies":[{"embeddable":true,"href":"http:\/\/www.rincondelbulla.cl\/portal\/wp-json\/wp\/v2\/comments?post=16416"}],"version-history":[{"count":1,"href":"http:\/\/www.rincondelbulla.cl\/portal\/wp-json\/wp\/v2\/posts\/16416\/revisions"}],"predecessor-version":[{"id":16417,"href":"http:\/\/www.rincondelbulla.cl\/portal\/wp-json\/wp\/v2\/posts\/16416\/revisions\/16417"}],"wp:featuredmedia":[{"embeddable":true,"href":"http:\/\/www.rincondelbulla.cl\/portal\/wp-json\/wp\/v2\/media\/16334"}],"wp:attachment":[{"href":"http:\/\/www.rincondelbulla.cl\/portal\/wp-json\/wp\/v2\/media?parent=16416"}],"wp:term":[{"taxonomy":"category","embeddable":true,"href":"http:\/\/www.rincondelbulla.cl\/portal\/wp-json\/wp\/v2\/categories?post=16416"},{"taxonomy":"post_tag","embeddable":true,"href":"http:\/\/www.rincondelbulla.cl\/portal\/wp-json\/wp\/v2\/tags?post=16416"}],"curies":[{"name":"wp","href":"https:\/\/api.w.org\/{rel}","templated":true}]}}