{"id":16420,"date":"2019-04-18T10:05:23","date_gmt":"2019-04-18T14:05:23","guid":{"rendered":"http:\/\/www.rincondelbulla.cl\/portal\/?p=16420"},"modified":"2019-04-18T10:05:25","modified_gmt":"2019-04-18T14:05:25","slug":"en-lo-nominal-quien-entra-y-quien-sale-de-azul-azul","status":"publish","type":"post","link":"http:\/\/www.rincondelbulla.cl\/portal\/2019\/04\/18\/en-lo-nominal-quien-entra-y-quien-sale-de-azul-azul\/","title":{"rendered":"En lo nominal: \u00bfQui\u00e9n entra y qui\u00e9n sale de Azul Azul?"},"content":{"rendered":"\n<p><strong>Este lunes debe conformarse el nuevo directorio.<\/strong><\/p>\n\n\n\n<p>Pese a que faltan algunos d\u00edas para la reuni\u00f3n que definir\u00e1 el futuro del directorio, ya hay un acuerdo para la nueva conformaci\u00f3n de \u00e9ste.<\/p>\n\n\n\n<p>Seg\u00fan inform\u00f3 Cooperativa, Carlos Heller y su hijo dejan de forma definitiva Azul Azul, aunque el primero continuar\u00e1 siendo el mayor accionista de Azul Azul, otro que deja el actual directorio es Marcos Kapl\u00fan y se est\u00e1 a la espera de la confirmaci\u00f3n de una posible salida de la mesa directiva de Mario Conca.<\/p>\n\n\n\n<p>Pero si unos salen, otros llegan, tal como lo adelantamos, Rodrigo Goldberg confirma su llegada al directorio, junto a Jorge Burgos y Leon Coh\u00e9n, aunque \u00e9ste \u00faltimo a\u00fan no se ratifica y es aqu\u00ed donde le nombre de otro hist\u00f3rico de la U asoma para ocupar ese puesto, se trata de Sergio Bernab\u00e9 Vargas.<\/p>\n\n\n\n<p>Esta informaci\u00f3n se dio a conocer luego de una reuni\u00f3n de los dos mayores accionistas de la concesionaria, Carlos Heller y Daniel Schapira. Tras esto tambi\u00e9n se cobfirm\u00f3 el acuerdo para que el actual presidente interino, Jos\u00e9 Luis Navarrete contin\u00fae en la testera.<\/p>\n\n\n\n<p><\/p>\n","protected":false},"excerpt":{"rendered":"<p>Este lunes debe conformarse el nuevo directorio. Pese a que faltan algunos d\u00edas para la reuni\u00f3n que definir\u00e1 el futuro del directorio, ya hay un acuerdo para la nueva conformaci\u00f3n de \u00e9ste. Seg\u00fan inform\u00f3 Cooperativa, Carlos Heller y su hijo dejan de forma definitiva Azul Azul, aunque el primero continuar\u00e1 siendo el mayor accionista de [&#8230;]<\/p>\n","protected":false},"author":56,"featured_media":16423,"comment_status":"closed","ping_status":"open","sticky":false,"template":"","format":"standard","meta":{"footnotes":""},"categories":[18],"tags":[174,102,228,1548,646,156],"class_list":{"0":"post-16420","1":"post","2":"type-post","3":"status-publish","4":"format-standard","5":"has-post-thumbnail","7":"category-actualidad","8":"tag-azul-azul","9":"tag-los-de-abajo","10":"tag-rincon-del-bulla","11":"tag-rodrigo-goldberg","12":"tag-sergio-vargas","13":"tag-universidad-de-chile"},"_links":{"self":[{"href":"http:\/\/www.rincondelbulla.cl\/portal\/wp-json\/wp\/v2\/posts\/16420","targetHints":{"allow":["GET"]}}],"collection":[{"href":"http:\/\/www.rincondelbulla.cl\/portal\/wp-json\/wp\/v2\/posts"}],"about":[{"href":"http:\/\/www.rincondelbulla.cl\/portal\/wp-json\/wp\/v2\/types\/post"}],"author":[{"embeddable":true,"href":"http:\/\/www.rincondelbulla.cl\/portal\/wp-json\/wp\/v2\/users\/56"}],"replies":[{"embeddable":true,"href":"http:\/\/www.rincondelbulla.cl\/portal\/wp-json\/wp\/v2\/comments?post=16420"}],"version-history":[{"count":2,"href":"http:\/\/www.rincondelbulla.cl\/portal\/wp-json\/wp\/v2\/posts\/16420\/revisions"}],"predecessor-version":[{"id":16424,"href":"http:\/\/www.rincondelbulla.cl\/portal\/wp-json\/wp\/v2\/posts\/16420\/revisions\/16424"}],"wp:featuredmedia":[{"embeddable":true,"href":"http:\/\/www.rincondelbulla.cl\/portal\/wp-json\/wp\/v2\/media\/16423"}],"wp:attachment":[{"href":"http:\/\/www.rincondelbulla.cl\/portal\/wp-json\/wp\/v2\/media?parent=16420"}],"wp:term":[{"taxonomy":"category","embeddable":true,"href":"http:\/\/www.rincondelbulla.cl\/portal\/wp-json\/wp\/v2\/categories?post=16420"},{"taxonomy":"post_tag","embeddable":true,"href":"http:\/\/www.rincondelbulla.cl\/portal\/wp-json\/wp\/v2\/tags?post=16420"}],"curies":[{"name":"wp","href":"https:\/\/api.w.org\/{rel}","templated":true}]}}