{"id":16458,"date":"2019-04-27T18:21:49","date_gmt":"2019-04-27T22:21:49","guid":{"rendered":"http:\/\/www.rincondelbulla.cl\/portal\/?p=16458"},"modified":"2019-04-27T18:22:44","modified_gmt":"2019-04-27T22:22:44","slug":"nico-guerra-termino-con-esguince-de-rodilla","status":"publish","type":"post","link":"http:\/\/www.rincondelbulla.cl\/portal\/2019\/04\/27\/nico-guerra-termino-con-esguince-de-rodilla\/","title":{"rendered":"Nico Guerra termin\u00f3 con esguince de rodilla"},"content":{"rendered":"\n<p><strong>El empate ante Evert\u00f3n dej\u00f3 lesionado al delantero azul.<\/strong><\/p>\n\n\n\n<!--more-->\n\n\n\n<p>No fue un partido grato para los azules y mucho menos para Nicol\u00e1s Guerra, quien en el minuto 57 sufri\u00f3 un fuerte choque, que lo tuvo al borde de la cancha siendo atendido.<\/p>\n\n\n\n<p>Finalmente fue reemplazado por Gabriel Torres, y fue posterior a eso que los m\u00e9dicos pudieron establecer un diagn\u00f3stico.<\/p>\n\n\n\n<p><strong>Esguince de rodilla fue lo que el propio Nicol\u00e1s Guerra confirm\u00f3 a Rincondelbulla tras salir del Estadio Sausalito<\/strong>. Ahora deber\u00e1 saber la gravedad de su lesi\u00f3n y el tiempo que estar\u00e1 alejado de las canchas.<\/p>\n","protected":false},"excerpt":{"rendered":"<p>El empate ante Evert\u00f3n dej\u00f3 lesionado al delantero azul.<\/p>\n","protected":false},"author":21382,"featured_media":16459,"comment_status":"closed","ping_status":"open","sticky":false,"template":"","format":"standard","meta":{"footnotes":""},"categories":[18],"tags":[1556,240,630,1555,1161],"class_list":{"0":"post-16458","1":"post","2":"type-post","3":"status-publish","4":"format-standard","5":"has-post-thumbnail","7":"category-actualidad","8":"tag-esguince-de-rodilla","9":"tag-everton","10":"tag-lesion","11":"tag-nico-guerra","12":"tag-nicolas-guerra"},"_links":{"self":[{"href":"http:\/\/www.rincondelbulla.cl\/portal\/wp-json\/wp\/v2\/posts\/16458","targetHints":{"allow":["GET"]}}],"collection":[{"href":"http:\/\/www.rincondelbulla.cl\/portal\/wp-json\/wp\/v2\/posts"}],"about":[{"href":"http:\/\/www.rincondelbulla.cl\/portal\/wp-json\/wp\/v2\/types\/post"}],"author":[{"embeddable":true,"href":"http:\/\/www.rincondelbulla.cl\/portal\/wp-json\/wp\/v2\/users\/21382"}],"replies":[{"embeddable":true,"href":"http:\/\/www.rincondelbulla.cl\/portal\/wp-json\/wp\/v2\/comments?post=16458"}],"version-history":[{"count":1,"href":"http:\/\/www.rincondelbulla.cl\/portal\/wp-json\/wp\/v2\/posts\/16458\/revisions"}],"predecessor-version":[{"id":16460,"href":"http:\/\/www.rincondelbulla.cl\/portal\/wp-json\/wp\/v2\/posts\/16458\/revisions\/16460"}],"wp:featuredmedia":[{"embeddable":true,"href":"http:\/\/www.rincondelbulla.cl\/portal\/wp-json\/wp\/v2\/media\/16459"}],"wp:attachment":[{"href":"http:\/\/www.rincondelbulla.cl\/portal\/wp-json\/wp\/v2\/media?parent=16458"}],"wp:term":[{"taxonomy":"category","embeddable":true,"href":"http:\/\/www.rincondelbulla.cl\/portal\/wp-json\/wp\/v2\/categories?post=16458"},{"taxonomy":"post_tag","embeddable":true,"href":"http:\/\/www.rincondelbulla.cl\/portal\/wp-json\/wp\/v2\/tags?post=16458"}],"curies":[{"name":"wp","href":"https:\/\/api.w.org\/{rel}","templated":true}]}}