{"id":16498,"date":"2019-05-08T21:09:30","date_gmt":"2019-05-09T01:09:30","guid":{"rendered":"http:\/\/www.rincondelbulla.cl\/portal\/?p=16498"},"modified":"2019-05-08T21:09:32","modified_gmt":"2019-05-09T01:09:32","slug":"la-regla-que-pone-dificil-el-retorno-de-pinilla","status":"publish","type":"post","link":"http:\/\/www.rincondelbulla.cl\/portal\/2019\/05\/08\/la-regla-que-pone-dificil-el-retorno-de-pinilla\/","title":{"rendered":"La regla que pone dif\u00edcil el retorno de Pinilla"},"content":{"rendered":"\n<p><strong>Seg\u00fan La Tercera, Azul Azul tiene en carpeta y ya consult\u00f3 por el delantero.<\/strong><\/p>\n\n\n\n<!--more-->\n\n\n\n<p>Resulta dif\u00edcil entender lo que podr\u00eda ocurrir. Hace un a\u00f1o Mauricio Pinilla vest\u00eda la camiseta azul, sali\u00f3 de muy mala manera e incluso se enred\u00f3 en una demanda con la concesionaria.<\/p>\n\n\n\n<p>Pero eso hoy para estar olvidado mientras hace su carrera en Coquimbo Unido, club que visitar\u00e1 este domingo el Estadio Nacional para enfrentar a la \u00abU\u00bb.<\/p>\n\n\n\n<p>Seg\u00fan cuenta La Tercera, <strong>Azul Azul analiz\u00f3 su posible retorno y ya consult\u00f3 a los piratas el precio de su cl\u00e1usula de de salida, la que est\u00e1 fijada en 250 mil d\u00f3lares<\/strong>, cifra que esperan reducir desde el CDA.<\/p>\n\n\n\n<p>Pero el precio no es la limitante, sino que el reglamento de la ANFP que impide que u<strong>n jugador pase de un club a otro en medio de la temporada si este ya jug\u00f3 m\u00e1s de 180 minutos, cifra que Pinigol est\u00e1 a 79 minutos de cumplir.<\/strong><\/p>\n","protected":false},"excerpt":{"rendered":"<p>Seg\u00fan La Tercera, Azul Azul tiene en carpeta y ya consult\u00f3 por el delantero.<\/p>\n","protected":false},"author":1,"featured_media":14428,"comment_status":"closed","ping_status":"open","sticky":false,"template":"","format":"standard","meta":{"footnotes":""},"categories":[18],"tags":[174,631,627],"class_list":{"0":"post-16498","1":"post","2":"type-post","3":"status-publish","4":"format-standard","5":"has-post-thumbnail","7":"category-actualidad","8":"tag-azul-azul","9":"tag-mauricio-pinilla","10":"tag-pinilla"},"_links":{"self":[{"href":"http:\/\/www.rincondelbulla.cl\/portal\/wp-json\/wp\/v2\/posts\/16498","targetHints":{"allow":["GET"]}}],"collection":[{"href":"http:\/\/www.rincondelbulla.cl\/portal\/wp-json\/wp\/v2\/posts"}],"about":[{"href":"http:\/\/www.rincondelbulla.cl\/portal\/wp-json\/wp\/v2\/types\/post"}],"author":[{"embeddable":true,"href":"http:\/\/www.rincondelbulla.cl\/portal\/wp-json\/wp\/v2\/users\/1"}],"replies":[{"embeddable":true,"href":"http:\/\/www.rincondelbulla.cl\/portal\/wp-json\/wp\/v2\/comments?post=16498"}],"version-history":[{"count":1,"href":"http:\/\/www.rincondelbulla.cl\/portal\/wp-json\/wp\/v2\/posts\/16498\/revisions"}],"predecessor-version":[{"id":16499,"href":"http:\/\/www.rincondelbulla.cl\/portal\/wp-json\/wp\/v2\/posts\/16498\/revisions\/16499"}],"wp:featuredmedia":[{"embeddable":true,"href":"http:\/\/www.rincondelbulla.cl\/portal\/wp-json\/wp\/v2\/media\/14428"}],"wp:attachment":[{"href":"http:\/\/www.rincondelbulla.cl\/portal\/wp-json\/wp\/v2\/media?parent=16498"}],"wp:term":[{"taxonomy":"category","embeddable":true,"href":"http:\/\/www.rincondelbulla.cl\/portal\/wp-json\/wp\/v2\/categories?post=16498"},{"taxonomy":"post_tag","embeddable":true,"href":"http:\/\/www.rincondelbulla.cl\/portal\/wp-json\/wp\/v2\/tags?post=16498"}],"curies":[{"name":"wp","href":"https:\/\/api.w.org\/{rel}","templated":true}]}}