{"id":16502,"date":"2019-05-10T00:59:55","date_gmt":"2019-05-10T04:59:55","guid":{"rendered":"http:\/\/www.rincondelbulla.cl\/portal\/?p=16502"},"modified":"2019-05-10T00:59:58","modified_gmt":"2019-05-10T04:59:58","slug":"una-u-sin-su-alma","status":"publish","type":"post","link":"http:\/\/www.rincondelbulla.cl\/portal\/2019\/05\/10\/una-u-sin-su-alma\/","title":{"rendered":"Una \u00abU\u00bb sin su alma"},"content":{"rendered":"\n<p><strong>La salida de Johnny Herrera deja sin representatividad azul el once inicial.<\/strong><\/p>\n\n\n\n<!--more-->\n\n\n\n<p>Parec\u00eda una locura cuando Cooperativa inform\u00f3 que Johnny Herrera no ser\u00eda titular este domingo, e incluso que no fuese citado. Pero con el correr de las horas la informaci\u00f3n se aclar\u00f3.<\/p>\n\n\n\n<p>La salida del arco titular no s\u00f3lo obedece a un motivo futbol\u00edstico, sino que tambi\u00e9n a una molestia dirigencial que desde hace a\u00f1os viene acrecent\u00e1ndose con Herrera seg\u00fan consign\u00f3 La Tercera, quien no ha tenido problemas en poder criticar a quienes dirigen los destinos de la \u00abU\u00bb.<\/p>\n\n\n\n<p>En lo inmediato, no tener al jugador m\u00e1s ganador en la historia en el arco es dejar a un once inicial sin alma. Si bien es cierto el equipo desde hace tiempo viene desdibujado, que Johny no est\u00e9 significa no tener a ning\u00fan jugador en cancha que represente al hincha e historia azul.<\/p>\n\n\n\n<p>Puede que este domingo la \u00abU\u00bb reci\u00e9n obtenga su segundo triunfo. Algo que no pasar\u00e1 por qui\u00e9n est\u00e9 en el arco, sino por lo que puedan hacer los delanteros y porque la defensa de una vez por todas deje de hacer agua.<\/p>\n\n\n\n<p>Lo m\u00e1s preocupante es lo que ahora pueda venir para Johnny. La interrogante de si volver\u00e1 a la titularidad y esto fue un berrinche moment\u00e1neo de Arias, si seguir\u00e1 siendo marginado o incluso si deja la \u00abU\u00bb, son todas preguntas abiertas.<\/p>\n\n\n\n<p>Johnny termina contrato a fin de a\u00f1o, y esto viene conjugando la excusa perfecta para no renovarle, pero tambi\u00e9n para dejar sin alma a una \u00abU\u00bb que desde hace mucho tiempo empez\u00f3 a no tener a alguien que tan bien representara a la mayor\u00eda azul. <\/p>\n","protected":false},"excerpt":{"rendered":"<p>La salida de Johnny Herrera deja sin representatividad azul el once inicial.<\/p>\n","protected":false},"author":65,"featured_media":16503,"comment_status":"closed","ping_status":"open","sticky":false,"template":"","format":"standard","meta":{"footnotes":""},"categories":[1514],"tags":[41,294],"class_list":{"0":"post-16502","1":"post","2":"type-post","3":"status-publish","4":"format-standard","5":"has-post-thumbnail","7":"category-opinion","8":"tag-johnny-herrera","9":"tag-u-de-chile"},"_links":{"self":[{"href":"http:\/\/www.rincondelbulla.cl\/portal\/wp-json\/wp\/v2\/posts\/16502","targetHints":{"allow":["GET"]}}],"collection":[{"href":"http:\/\/www.rincondelbulla.cl\/portal\/wp-json\/wp\/v2\/posts"}],"about":[{"href":"http:\/\/www.rincondelbulla.cl\/portal\/wp-json\/wp\/v2\/types\/post"}],"author":[{"embeddable":true,"href":"http:\/\/www.rincondelbulla.cl\/portal\/wp-json\/wp\/v2\/users\/65"}],"replies":[{"embeddable":true,"href":"http:\/\/www.rincondelbulla.cl\/portal\/wp-json\/wp\/v2\/comments?post=16502"}],"version-history":[{"count":1,"href":"http:\/\/www.rincondelbulla.cl\/portal\/wp-json\/wp\/v2\/posts\/16502\/revisions"}],"predecessor-version":[{"id":16504,"href":"http:\/\/www.rincondelbulla.cl\/portal\/wp-json\/wp\/v2\/posts\/16502\/revisions\/16504"}],"wp:featuredmedia":[{"embeddable":true,"href":"http:\/\/www.rincondelbulla.cl\/portal\/wp-json\/wp\/v2\/media\/16503"}],"wp:attachment":[{"href":"http:\/\/www.rincondelbulla.cl\/portal\/wp-json\/wp\/v2\/media?parent=16502"}],"wp:term":[{"taxonomy":"category","embeddable":true,"href":"http:\/\/www.rincondelbulla.cl\/portal\/wp-json\/wp\/v2\/categories?post=16502"},{"taxonomy":"post_tag","embeddable":true,"href":"http:\/\/www.rincondelbulla.cl\/portal\/wp-json\/wp\/v2\/tags?post=16502"}],"curies":[{"name":"wp","href":"https:\/\/api.w.org\/{rel}","templated":true}]}}