{"id":16539,"date":"2019-05-22T23:41:29","date_gmt":"2019-05-23T03:41:29","guid":{"rendered":"http:\/\/www.rincondelbulla.cl\/portal\/?p=16539"},"modified":"2019-05-22T23:41:31","modified_gmt":"2019-05-23T03:41:31","slug":"dos-fechas-de-suspension-para-angelo-henriquez","status":"publish","type":"post","link":"http:\/\/www.rincondelbulla.cl\/portal\/2019\/05\/22\/dos-fechas-de-suspension-para-angelo-henriquez\/","title":{"rendered":"Dos fechas de suspensi\u00f3n para \u00c1ngelo Henr\u00edquez"},"content":{"rendered":"\n<p><strong>El delantero fue sancionado por la expulsi\u00f3n y supuesto insulto a Eduardo Gamboa.<\/strong><!--more--><\/p>\n<p>\u00abSiempre nos robas a nosotros concha de tu madre\u00bb, ser\u00eda lo que \u00c1ngelo Henr\u00edquez le dijo a Eduardo Gamboa, eso luego de ponerle un pu\u00f1etazo a Juan Manuel Insaurralde.<\/p>\n<p>Por lo mismo hoy asisti\u00f3 al Tribunal de Disciplina donde recibi\u00f3 dos fechas de castigo, lo que lo dejar\u00e1 fuera el pr\u00f3ximo partido ante Iquique de este domingo, y el partido que quedar\u00e1 pendiente ante Palestino.<\/p>\n<p>Tras su salida de la ANFP, el delantero azul coment\u00f3 a los medios presentes que \u201c<strong>nunca insult\u00e9 al \u00e1rbitro. Si le hubiera dicho eso a Eduardo, le hubiera pedido disculpas. Estoy avergonzado de mi reacci\u00f3n y aclaro que nunca lo insult\u00e9<\/strong>\u201d.<\/p>\n","protected":false},"excerpt":{"rendered":"<p>El delantero fue sancionado por la expulsi\u00f3n y supuesto insulto a Eduardo Gamboa.<\/p>\n","protected":false},"author":65,"featured_media":16528,"comment_status":"closed","ping_status":"open","sticky":false,"template":"","format":"standard","meta":{"footnotes":""},"categories":[18],"tags":[96,1060,1275,294],"class_list":{"0":"post-16539","1":"post","2":"type-post","3":"status-publish","4":"format-standard","5":"has-post-thumbnail","7":"category-actualidad","8":"tag-angelo-henriquez","9":"tag-suspension","10":"tag-tribunal-de-disciplina","11":"tag-u-de-chile"},"_links":{"self":[{"href":"http:\/\/www.rincondelbulla.cl\/portal\/wp-json\/wp\/v2\/posts\/16539","targetHints":{"allow":["GET"]}}],"collection":[{"href":"http:\/\/www.rincondelbulla.cl\/portal\/wp-json\/wp\/v2\/posts"}],"about":[{"href":"http:\/\/www.rincondelbulla.cl\/portal\/wp-json\/wp\/v2\/types\/post"}],"author":[{"embeddable":true,"href":"http:\/\/www.rincondelbulla.cl\/portal\/wp-json\/wp\/v2\/users\/65"}],"replies":[{"embeddable":true,"href":"http:\/\/www.rincondelbulla.cl\/portal\/wp-json\/wp\/v2\/comments?post=16539"}],"version-history":[{"count":1,"href":"http:\/\/www.rincondelbulla.cl\/portal\/wp-json\/wp\/v2\/posts\/16539\/revisions"}],"predecessor-version":[{"id":16540,"href":"http:\/\/www.rincondelbulla.cl\/portal\/wp-json\/wp\/v2\/posts\/16539\/revisions\/16540"}],"wp:featuredmedia":[{"embeddable":true,"href":"http:\/\/www.rincondelbulla.cl\/portal\/wp-json\/wp\/v2\/media\/16528"}],"wp:attachment":[{"href":"http:\/\/www.rincondelbulla.cl\/portal\/wp-json\/wp\/v2\/media?parent=16539"}],"wp:term":[{"taxonomy":"category","embeddable":true,"href":"http:\/\/www.rincondelbulla.cl\/portal\/wp-json\/wp\/v2\/categories?post=16539"},{"taxonomy":"post_tag","embeddable":true,"href":"http:\/\/www.rincondelbulla.cl\/portal\/wp-json\/wp\/v2\/tags?post=16539"}],"curies":[{"name":"wp","href":"https:\/\/api.w.org\/{rel}","templated":true}]}}