{"id":16846,"date":"2019-07-22T10:42:58","date_gmt":"2019-07-22T14:42:58","guid":{"rendered":"http:\/\/www.rincondelbulla.cl\/portal\/?p=16846"},"modified":"2019-07-25T21:50:56","modified_gmt":"2019-07-26T01:50:56","slug":"johnny-herrera-tendre-que-esperar-a-que-se-vaya-arias-para-jugar-o-irme-yo","status":"publish","type":"post","link":"http:\/\/www.rincondelbulla.cl\/portal\/2019\/07\/22\/johnny-herrera-tendre-que-esperar-a-que-se-vaya-arias-para-jugar-o-irme-yo\/","title":{"rendered":"Johnny Herrera: \u201cTendr\u00e9 que esperar a que se vaya Arias para jugar o irme yo\u201d"},"content":{"rendered":"\n<p><strong>El portero pone en duda su continuidad en la \u00abU\u00bb.<\/strong><!--more--><\/p>\n<p>Las relaciones entre Johnny Herrera y Alfredo Arias abiertamente no es buena. Pero la bomba la lanz\u00f3 el portero luego de que el t\u00e9cnico le diera un portazo a la posibilidad de jugar.<\/p>\n<p><strong>\u201cTendr\u00e9 que esperar a que se vaya Arias para jugar o irme yo\u201d<\/strong>, dijo Johnny Herrera en entrevista con La Tercera.<\/p>\n<p>El hist\u00f3rico y y capit\u00e1n azul a\u00f1adi\u00f3 que <strong>\u00abde ser jugador de Selecci\u00f3n y el con m\u00e1s t\u00edtulos en el club a que no te pesquen ni para la Copa Chile, es raro\u00bb<\/strong>.<\/p>\n<p>Herrera tambi\u00e9n dirigi\u00f3 un mensaje en clave hacia la dirigencia. <strong>\u00abImagino que Arias debe estar sumamente respaldado para mi caso. M\u00e1s cuando pasan otras cosas extra\u00f1as que mejor me guardo\u00bb<\/strong>, agreg\u00f3.<\/p>\n","protected":false},"excerpt":{"rendered":"<p>El portero pone en duda su continuidad en la \u00abU\u00bb.<\/p>\n","protected":false},"author":1,"featured_media":13155,"comment_status":"closed","ping_status":"open","sticky":false,"template":"","format":"standard","meta":{"footnotes":""},"categories":[18],"tags":[1533,41,294],"class_list":{"0":"post-16846","1":"post","2":"type-post","3":"status-publish","4":"format-standard","5":"has-post-thumbnail","7":"category-actualidad","8":"tag-alfredo-arias","9":"tag-johnny-herrera","10":"tag-u-de-chile"},"_links":{"self":[{"href":"http:\/\/www.rincondelbulla.cl\/portal\/wp-json\/wp\/v2\/posts\/16846","targetHints":{"allow":["GET"]}}],"collection":[{"href":"http:\/\/www.rincondelbulla.cl\/portal\/wp-json\/wp\/v2\/posts"}],"about":[{"href":"http:\/\/www.rincondelbulla.cl\/portal\/wp-json\/wp\/v2\/types\/post"}],"author":[{"embeddable":true,"href":"http:\/\/www.rincondelbulla.cl\/portal\/wp-json\/wp\/v2\/users\/1"}],"replies":[{"embeddable":true,"href":"http:\/\/www.rincondelbulla.cl\/portal\/wp-json\/wp\/v2\/comments?post=16846"}],"version-history":[{"count":1,"href":"http:\/\/www.rincondelbulla.cl\/portal\/wp-json\/wp\/v2\/posts\/16846\/revisions"}],"predecessor-version":[{"id":16847,"href":"http:\/\/www.rincondelbulla.cl\/portal\/wp-json\/wp\/v2\/posts\/16846\/revisions\/16847"}],"wp:featuredmedia":[{"embeddable":true,"href":"http:\/\/www.rincondelbulla.cl\/portal\/wp-json\/wp\/v2\/media\/13155"}],"wp:attachment":[{"href":"http:\/\/www.rincondelbulla.cl\/portal\/wp-json\/wp\/v2\/media?parent=16846"}],"wp:term":[{"taxonomy":"category","embeddable":true,"href":"http:\/\/www.rincondelbulla.cl\/portal\/wp-json\/wp\/v2\/categories?post=16846"},{"taxonomy":"post_tag","embeddable":true,"href":"http:\/\/www.rincondelbulla.cl\/portal\/wp-json\/wp\/v2\/tags?post=16846"}],"curies":[{"name":"wp","href":"https:\/\/api.w.org\/{rel}","templated":true}]}}