{"id":16963,"date":"2019-08-03T22:00:20","date_gmt":"2019-08-04T02:00:20","guid":{"rendered":"http:\/\/www.rincondelbulla.cl\/portal\/?p=16963"},"modified":"2019-08-03T23:47:14","modified_gmt":"2019-08-04T03:47:14","slug":"la-u-empata-y-le-pone-luz-roja-al-proceso-de-arias","status":"publish","type":"post","link":"http:\/\/www.rincondelbulla.cl\/portal\/2019\/08\/03\/la-u-empata-y-le-pone-luz-roja-al-proceso-de-arias\/","title":{"rendered":"La \u00abU\u00bb empata y le pone luz roja al proceso de Arias"},"content":{"rendered":"\n<p><strong>Nuevamente el cuadro azul no pudo sostener la ventaja obtenida tempranamente.<\/strong><!--more--><\/p>\n<p>Era un partido clave para la \u00abU\u00bb y el gui\u00f3n de la pel\u00edcula se volvi\u00f3 a repetir. Tempranamente los azules se pon\u00edan en ventaja. Cabezazo de Avelda\u00f1o, 1-0 a ls 3 minutos y el buen juego de a poco se fue diluyendo.<\/p>\n<p>A los 15 minutos el poder\u00edo azul fue equiparado por el Audax Italiano, quien propuso y gener\u00f3 opciones de gol que fueron desperdiciadas por sus delanteros.<\/p>\n<p>En el segundo tiempo la \u00abU\u00bb no tendr\u00eda la misma suerte. Fue Jeraldino quien empat\u00f3 el encuentro y termin\u00f3 liquidando el marcador.<\/p>\n<p>Ser\u00eda Mat\u00edas Rodr\u00edguez y Gonzalo Espinoza quienes tendr\u00edan las m\u00e1s claras, pero el travesa\u00f1o les neg\u00f3 el gol.<\/p>\n<p>Con eso la \u00abU\u00bb s\u00f3lo suma 1 punto, quedando con 14 unidades en la puerta de la zona de descenso, a la espera de lo que hagan este domingos sus rivales.<\/p>\n","protected":false},"excerpt":{"rendered":"<p>Nuevamente el cuadro azul no pudo sostener la ventaja obtenida tempranamente.<\/p>\n","protected":false},"author":65,"featured_media":16964,"comment_status":"closed","ping_status":"open","sticky":false,"template":"","format":"standard","meta":{"footnotes":""},"categories":[18],"tags":[1533,294],"class_list":{"0":"post-16963","1":"post","2":"type-post","3":"status-publish","4":"format-standard","5":"has-post-thumbnail","7":"category-actualidad","8":"tag-alfredo-arias","9":"tag-u-de-chile"},"_links":{"self":[{"href":"http:\/\/www.rincondelbulla.cl\/portal\/wp-json\/wp\/v2\/posts\/16963","targetHints":{"allow":["GET"]}}],"collection":[{"href":"http:\/\/www.rincondelbulla.cl\/portal\/wp-json\/wp\/v2\/posts"}],"about":[{"href":"http:\/\/www.rincondelbulla.cl\/portal\/wp-json\/wp\/v2\/types\/post"}],"author":[{"embeddable":true,"href":"http:\/\/www.rincondelbulla.cl\/portal\/wp-json\/wp\/v2\/users\/65"}],"replies":[{"embeddable":true,"href":"http:\/\/www.rincondelbulla.cl\/portal\/wp-json\/wp\/v2\/comments?post=16963"}],"version-history":[{"count":1,"href":"http:\/\/www.rincondelbulla.cl\/portal\/wp-json\/wp\/v2\/posts\/16963\/revisions"}],"predecessor-version":[{"id":16965,"href":"http:\/\/www.rincondelbulla.cl\/portal\/wp-json\/wp\/v2\/posts\/16963\/revisions\/16965"}],"wp:featuredmedia":[{"embeddable":true,"href":"http:\/\/www.rincondelbulla.cl\/portal\/wp-json\/wp\/v2\/media\/16964"}],"wp:attachment":[{"href":"http:\/\/www.rincondelbulla.cl\/portal\/wp-json\/wp\/v2\/media?parent=16963"}],"wp:term":[{"taxonomy":"category","embeddable":true,"href":"http:\/\/www.rincondelbulla.cl\/portal\/wp-json\/wp\/v2\/categories?post=16963"},{"taxonomy":"post_tag","embeddable":true,"href":"http:\/\/www.rincondelbulla.cl\/portal\/wp-json\/wp\/v2\/tags?post=16963"}],"curies":[{"name":"wp","href":"https:\/\/api.w.org\/{rel}","templated":true}]}}