{"id":17199,"date":"2019-08-25T00:31:27","date_gmt":"2019-08-25T04:31:27","guid":{"rendered":"http:\/\/www.rincondelbulla.cl\/portal\/?p=17199"},"modified":"2019-08-25T00:31:30","modified_gmt":"2019-08-25T04:31:30","slug":"la-u-quiere-bajar-a-la-uc-para-subir-en-la-tabla","status":"publish","type":"post","link":"http:\/\/www.rincondelbulla.cl\/portal\/2019\/08\/25\/la-u-quiere-bajar-a-la-uc-para-subir-en-la-tabla\/","title":{"rendered":"La \u00abU\u00bb quiere bajar a la UC para subir en la tabla"},"content":{"rendered":"\n<p><strong>Desde las 15 horas azules y cruzados disputan un nuevo Cl\u00e1sico Universitario.<\/strong><!--more--><\/p>\n<p>Con dispares presentes se vive uno de los m\u00e1ximos partidos del f\u00fatbol chileno. Mientras los de la franja gozan de la punta de la tabla, los bullangueros intentan salir del fondo.<\/p>\n<p>Algo que quedar\u00e1 en el papel cuando a las 15 horas suene el pitazo inicial, momento en que la \u00abU\u00bb intentar\u00e1 hacer valer su condici\u00f3n de local.<\/p>\n<p>Este ser\u00e1 un partido completamente distinto al del primer semestre, donde los azules cayeron goleados en calidad de visita. S\u00f3lo Mat\u00edas Rodr\u00edguez se repite de aquella formaci\u00f3n.<\/p>\n<p>Seg\u00fan la informaci\u00f3n que surgi\u00f3 esta semana, Hern\u00e1n Caputto parar\u00eda esta formaci\u00f3n: <strong>Fernando De Paul; Mat\u00edas Rodr\u00edguez, Rodrigo Echeverr\u00eda, Lucas Avelda\u00f1o, Jean Beausejour; Camilo Moya, Gonzalo Espinoza; Nicol\u00e1s Oroz, Sebasti\u00e1n Ubilla; \u00c1ngelo Henr\u00edquez y Leandro Benegas (Fern\u00e1ndez).<\/strong><\/p>\n","protected":false},"excerpt":{"rendered":"<p>Desde las 15 horas azules y cruzados disputan un nuevo Cl\u00e1sico Universitario.<\/p>\n","protected":false},"author":65,"featured_media":16410,"comment_status":"closed","ping_status":"open","sticky":false,"template":"","format":"standard","meta":{"footnotes":""},"categories":[18],"tags":[71,719,294],"class_list":{"0":"post-17199","1":"post","2":"type-post","3":"status-publish","4":"format-standard","5":"has-post-thumbnail","7":"category-actualidad","8":"tag-clasico-universitario","9":"tag-u-catolica","10":"tag-u-de-chile"},"_links":{"self":[{"href":"http:\/\/www.rincondelbulla.cl\/portal\/wp-json\/wp\/v2\/posts\/17199","targetHints":{"allow":["GET"]}}],"collection":[{"href":"http:\/\/www.rincondelbulla.cl\/portal\/wp-json\/wp\/v2\/posts"}],"about":[{"href":"http:\/\/www.rincondelbulla.cl\/portal\/wp-json\/wp\/v2\/types\/post"}],"author":[{"embeddable":true,"href":"http:\/\/www.rincondelbulla.cl\/portal\/wp-json\/wp\/v2\/users\/65"}],"replies":[{"embeddable":true,"href":"http:\/\/www.rincondelbulla.cl\/portal\/wp-json\/wp\/v2\/comments?post=17199"}],"version-history":[{"count":1,"href":"http:\/\/www.rincondelbulla.cl\/portal\/wp-json\/wp\/v2\/posts\/17199\/revisions"}],"predecessor-version":[{"id":17200,"href":"http:\/\/www.rincondelbulla.cl\/portal\/wp-json\/wp\/v2\/posts\/17199\/revisions\/17200"}],"wp:featuredmedia":[{"embeddable":true,"href":"http:\/\/www.rincondelbulla.cl\/portal\/wp-json\/wp\/v2\/media\/16410"}],"wp:attachment":[{"href":"http:\/\/www.rincondelbulla.cl\/portal\/wp-json\/wp\/v2\/media?parent=17199"}],"wp:term":[{"taxonomy":"category","embeddable":true,"href":"http:\/\/www.rincondelbulla.cl\/portal\/wp-json\/wp\/v2\/categories?post=17199"},{"taxonomy":"post_tag","embeddable":true,"href":"http:\/\/www.rincondelbulla.cl\/portal\/wp-json\/wp\/v2\/tags?post=17199"}],"curies":[{"name":"wp","href":"https:\/\/api.w.org\/{rel}","templated":true}]}}