{"id":17207,"date":"2019-09-11T00:50:58","date_gmt":"2019-09-11T03:50:58","guid":{"rendered":"http:\/\/www.rincondelbulla.cl\/portal\/?p=17207"},"modified":"2019-09-11T00:51:00","modified_gmt":"2019-09-11T03:51:00","slug":"el-mal-de-ojo-que-afecta-a-jimmy-martinez","status":"publish","type":"post","link":"http:\/\/www.rincondelbulla.cl\/portal\/2019\/09\/11\/el-mal-de-ojo-que-afecta-a-jimmy-martinez\/","title":{"rendered":"El \u00abmal de ojo\u00bb que afecta a Jimmy Mart\u00ednez"},"content":{"rendered":"\n<p><strong>El Gr\u00e1fico Chile da cuenta de una nueva complicaci\u00f3n que afecta al volante azul, que hasta ahora poco y nada ha podido ha podido demostrar.<\/strong><!--more--><\/p>\n<p>Lleg\u00f3 desde Huachipato como la gran promesa del f\u00fatbol chileno, pero desde que arrib\u00f3 a Universidad de Chile no lo ha podido ratificar. A su cuestionado juego, se suma que ni con Alfredo Arias y ahora con Hern\u00e1n Caputto a sumado minutos.<br \/>Este pasado fin de semana, en la ca\u00edda de la \u00abU\u00bb ante Cobresal por Copa Chile, era la oportunidad para que Mart\u00ednez volviera a la titularidad. Sin embargo, una complicaci\u00f3n de \u00faltima hora lo descart\u00f3 del juego. <br \/>Seg\u00fan consigna el diario deportivo, <strong>el volante presenta un quiste dermoide roto en el ojo izquierdo<\/strong>. Esto ya lo tiene descartado para el partido de este s\u00e1bado ante Uni\u00f3n Espa\u00f1ola por el Torneo Nacional, ya que debe someterse a un tratamiento de al menos dos semanas.<br \/>Pero esto no es lo peor. <strong>De persistir la molestia, Mart\u00ednez deber\u00e1 someterse a una intervenci\u00f3n quir\u00fargica oftalmol\u00f3gica<\/strong>, lo que lo tendr\u00e1 fuera de las canchas por m\u00e1s tiempo, incluido el superclasico programado para el 5 de octubre.<\/p>\n","protected":false},"excerpt":{"rendered":"<p>El Gr\u00e1fico Chile da cuenta de una nueva complicaci\u00f3n que afecta al volante azul, que hasta ahora poco y nada ha podido ha podido demostrar.<\/p>\n","protected":false},"author":21382,"featured_media":16337,"comment_status":"closed","ping_status":"open","sticky":false,"template":"","format":"standard","meta":{"footnotes":""},"categories":[18],"tags":[1543,294],"class_list":{"0":"post-17207","1":"post","2":"type-post","3":"status-publish","4":"format-standard","5":"has-post-thumbnail","7":"category-actualidad","8":"tag-jimmy-martinez","9":"tag-u-de-chile"},"_links":{"self":[{"href":"http:\/\/www.rincondelbulla.cl\/portal\/wp-json\/wp\/v2\/posts\/17207","targetHints":{"allow":["GET"]}}],"collection":[{"href":"http:\/\/www.rincondelbulla.cl\/portal\/wp-json\/wp\/v2\/posts"}],"about":[{"href":"http:\/\/www.rincondelbulla.cl\/portal\/wp-json\/wp\/v2\/types\/post"}],"author":[{"embeddable":true,"href":"http:\/\/www.rincondelbulla.cl\/portal\/wp-json\/wp\/v2\/users\/21382"}],"replies":[{"embeddable":true,"href":"http:\/\/www.rincondelbulla.cl\/portal\/wp-json\/wp\/v2\/comments?post=17207"}],"version-history":[{"count":1,"href":"http:\/\/www.rincondelbulla.cl\/portal\/wp-json\/wp\/v2\/posts\/17207\/revisions"}],"predecessor-version":[{"id":17208,"href":"http:\/\/www.rincondelbulla.cl\/portal\/wp-json\/wp\/v2\/posts\/17207\/revisions\/17208"}],"wp:featuredmedia":[{"embeddable":true,"href":"http:\/\/www.rincondelbulla.cl\/portal\/wp-json\/wp\/v2\/media\/16337"}],"wp:attachment":[{"href":"http:\/\/www.rincondelbulla.cl\/portal\/wp-json\/wp\/v2\/media?parent=17207"}],"wp:term":[{"taxonomy":"category","embeddable":true,"href":"http:\/\/www.rincondelbulla.cl\/portal\/wp-json\/wp\/v2\/categories?post=17207"},{"taxonomy":"post_tag","embeddable":true,"href":"http:\/\/www.rincondelbulla.cl\/portal\/wp-json\/wp\/v2\/tags?post=17207"}],"curies":[{"name":"wp","href":"https:\/\/api.w.org\/{rel}","templated":true}]}}