{"id":17256,"date":"2020-04-23T23:04:56","date_gmt":"2020-04-24T03:04:56","guid":{"rendered":"http:\/\/www.rincondelbulla.cl\/portal\/?p=17256"},"modified":"2020-05-21T20:52:48","modified_gmt":"2020-05-22T00:52:48","slug":"video-leo-rodriguez-la-llegada-a-la-u-fue-de-lo-mas-lindo-que-me-paso","status":"publish","type":"post","link":"http:\/\/www.rincondelbulla.cl\/portal\/2020\/04\/23\/video-leo-rodriguez-la-llegada-a-la-u-fue-de-lo-mas-lindo-que-me-paso\/","title":{"rendered":"[Video] Leo Rodr\u00edguez: \u00abLa llegada a la &#8216;U&#8217; fue de lo m\u00e1s lindo que me pas\u00f3\u00bb"},"content":{"rendered":"\n<p>El Leo Rodr\u00edguez es de esos jugadores que dej\u00f3 una huella en los hinchas de la \u00abU\u00bb y viceversa.<\/p>\n<p>\u00abLa gente tiene en mi una imagen que desde el primer d\u00eda que llegue me compromet\u00ed con la U, la bandera la llev\u00e9 a todos lados. En muchos lados fui insultado por defender la polera de la U. Sal\u00ed campe\u00f3n en Argentina y en pleno festejo lo hice con la polera de la U\u00bb, as\u00ed lo defini\u00f3 el propio Argentino en conversaci\u00f3n con Rincondelbulla.<\/p>\n<p>El Leo asegur\u00f3 que esta camiseta es la que m\u00e1s lo marc\u00f3. \u00abMi llegada a la U fue sorpresiva y a la vez de lo m\u00e1s lindo que me pas\u00f3 en la vida. Gan\u00e9 5 campeonatos en la U y la famosa semifinal de la Copa Libertadores\u00bb, se\u00f1al\u00f3.<\/p>\n<p>\u00abFui una persona que cuando estuvo en la U dio vuelta ol\u00edmpicas, le ganaba a Colo Colo, ganamos un bicampeonato, entonces la gente me tiene en una imagen de a\u00f1os de gloria\u00bb, explic\u00f3 el 10 sobre el lazo con la gente.<\/p>\n<p>Y si bien el Leo fue cinco veces campe\u00f3n, hay una espinita clavada. \u00abA mi me falt\u00f3 ganar esa copa, creo que fuimos futbol\u00edsticamente hablando fuimos un equipo campe\u00f3n. Todos sabemos que a river en el Nacional lo superamos ampliamente y todos sabemos lo que pas\u00f3 en el Monumental. Para mi al Am\u00e9rica de Cal\u00ed en la final le gan\u00e1bamos\u00bb, agreg\u00f3.<\/p>\n<p>El Leo, un azul de coraz\u00f3n, coment\u00f3 que en alg\u00fan momento intentaron \u00abdeste\u00f1irlo\u00bb. \u00abCuando volv\u00ed a la U en el 98, me llamaba todos los d\u00edas Fernando Carvallo, que era el t\u00e9cnico de la Cat\u00f3lica, me volv\u00eda loco. Yo le explicaba que no pod\u00eda que no pod\u00eda ponerme se camiseta y el me dec\u00eda que me dejara de hueviar\u00bb.<\/p>\n<h2>Revisa toda la entrevista aqu\u00ed<\/h2>\n<p><div class=\"youtube-embed\" data-video_id=\"ppUq5UeK-tQ\"><iframe loading=\"lazy\" title=\"Entrevista con Leo Rodr\u00edguez por Instagram Live\" width=\"696\" height=\"392\" src=\"https:\/\/www.youtube.com\/embed\/ppUq5UeK-tQ?feature=oembed&#038;enablejsapi=1\" frameborder=\"0\" allow=\"accelerometer; autoplay; encrypted-media; gyroscope; picture-in-picture\" allowfullscreen><\/iframe><\/div><\/p>\n<p>\u00a0<\/p>\n<p>\u00a0<\/p>\n<p>\u00a0<\/p>\n<p>\u00a0<\/p>\n","protected":false},"excerpt":{"rendered":"<p>El Leo Rodr\u00edguez es de esos jugadores que dej\u00f3 una huella en los hinchas de la \u00abU\u00bb y viceversa. \u00abLa gente tiene en mi una imagen que desde el primer d\u00eda que llegue me compromet\u00ed con la U, la bandera la llev\u00e9 a todos lados. En muchos lados fui insultado por defender la polera de [&#8230;]<\/p>\n","protected":false},"author":65,"featured_media":17257,"comment_status":"closed","ping_status":"open","sticky":false,"template":"","format":"standard","meta":{"footnotes":""},"categories":[18],"tags":[1166],"class_list":{"0":"post-17256","1":"post","2":"type-post","3":"status-publish","4":"format-standard","5":"has-post-thumbnail","7":"category-actualidad","8":"tag-leo-rodriguez"},"_links":{"self":[{"href":"http:\/\/www.rincondelbulla.cl\/portal\/wp-json\/wp\/v2\/posts\/17256","targetHints":{"allow":["GET"]}}],"collection":[{"href":"http:\/\/www.rincondelbulla.cl\/portal\/wp-json\/wp\/v2\/posts"}],"about":[{"href":"http:\/\/www.rincondelbulla.cl\/portal\/wp-json\/wp\/v2\/types\/post"}],"author":[{"embeddable":true,"href":"http:\/\/www.rincondelbulla.cl\/portal\/wp-json\/wp\/v2\/users\/65"}],"replies":[{"embeddable":true,"href":"http:\/\/www.rincondelbulla.cl\/portal\/wp-json\/wp\/v2\/comments?post=17256"}],"version-history":[{"count":2,"href":"http:\/\/www.rincondelbulla.cl\/portal\/wp-json\/wp\/v2\/posts\/17256\/revisions"}],"predecessor-version":[{"id":17262,"href":"http:\/\/www.rincondelbulla.cl\/portal\/wp-json\/wp\/v2\/posts\/17256\/revisions\/17262"}],"wp:featuredmedia":[{"embeddable":true,"href":"http:\/\/www.rincondelbulla.cl\/portal\/wp-json\/wp\/v2\/media\/17257"}],"wp:attachment":[{"href":"http:\/\/www.rincondelbulla.cl\/portal\/wp-json\/wp\/v2\/media?parent=17256"}],"wp:term":[{"taxonomy":"category","embeddable":true,"href":"http:\/\/www.rincondelbulla.cl\/portal\/wp-json\/wp\/v2\/categories?post=17256"},{"taxonomy":"post_tag","embeddable":true,"href":"http:\/\/www.rincondelbulla.cl\/portal\/wp-json\/wp\/v2\/tags?post=17256"}],"curies":[{"name":"wp","href":"https:\/\/api.w.org\/{rel}","templated":true}]}}