{"id":17272,"date":"2020-08-24T12:12:46","date_gmt":"2020-08-24T16:12:46","guid":{"rendered":"http:\/\/www.rincondelbulla.cl\/portal\/?p=17272"},"modified":"2020-08-25T12:43:19","modified_gmt":"2020-08-25T16:43:19","slug":"adios-al-superclasico-confirman-lesion-de-sebastian-galani","status":"publish","type":"post","link":"http:\/\/www.rincondelbulla.cl\/portal\/2020\/08\/24\/adios-al-superclasico-confirman-lesion-de-sebastian-galani\/","title":{"rendered":"\u00bfAdi\u00f3s al Supercl\u00e1sico?: Confirman lesi\u00f3n de Sebasti\u00e1n Galani"},"content":{"rendered":"\n<p>El pasado viernes, Sebasti\u00e1n Galani encendi\u00f3 las alarmas tras salir por precauci\u00f3n del entrenamiento de f\u00fatbol que realizaba la \u00abU\u00bb.<\/p>\n<p>El volante sufri\u00f3 una dolencia muscular, que este lunes fue examinado por el \u00e1rea m\u00e9dica, la que confirm\u00f3 las malas noticias,<\/p>\n<p>Sebasti\u00e1n Galani fue diagnosticado de un desgarro miofascial en el isquiotibial derecho, que en principio lo tendr\u00e1 fuera de las canchas por 2 a 3 semanas.<\/p>\n<p>Esto lo deja marginado del partido de este domingo ante Palestino, y tambi\u00e9n lo har\u00eda ante Colo Colo, aunque desde la \u00abU\u00bb son cautos en descartarlo.<\/p>\n","protected":false},"excerpt":{"rendered":"<p>El pasado viernes, Sebasti\u00e1n Galani encendi\u00f3 las alarmas tras salir por precauci\u00f3n del entrenamiento de f\u00fatbol que realizaba la \u00abU\u00bb. El volante sufri\u00f3 una dolencia muscular, que este lunes fue examinado por el \u00e1rea m\u00e9dica, la que confirm\u00f3 las malas noticias, Sebasti\u00e1n Galani fue diagnosticado de un desgarro miofascial en el isquiotibial derecho, que en [&#8230;]<\/p>\n","protected":false},"author":21398,"featured_media":17273,"comment_status":"closed","ping_status":"open","sticky":false,"template":"","format":"standard","meta":{"footnotes":""},"categories":[18],"tags":[1639,294],"class_list":{"0":"post-17272","1":"post","2":"type-post","3":"status-publish","4":"format-standard","5":"has-post-thumbnail","7":"category-actualidad","8":"tag-galani","9":"tag-u-de-chile"},"_links":{"self":[{"href":"http:\/\/www.rincondelbulla.cl\/portal\/wp-json\/wp\/v2\/posts\/17272","targetHints":{"allow":["GET"]}}],"collection":[{"href":"http:\/\/www.rincondelbulla.cl\/portal\/wp-json\/wp\/v2\/posts"}],"about":[{"href":"http:\/\/www.rincondelbulla.cl\/portal\/wp-json\/wp\/v2\/types\/post"}],"author":[{"embeddable":true,"href":"http:\/\/www.rincondelbulla.cl\/portal\/wp-json\/wp\/v2\/users\/21398"}],"replies":[{"embeddable":true,"href":"http:\/\/www.rincondelbulla.cl\/portal\/wp-json\/wp\/v2\/comments?post=17272"}],"version-history":[{"count":1,"href":"http:\/\/www.rincondelbulla.cl\/portal\/wp-json\/wp\/v2\/posts\/17272\/revisions"}],"predecessor-version":[{"id":17274,"href":"http:\/\/www.rincondelbulla.cl\/portal\/wp-json\/wp\/v2\/posts\/17272\/revisions\/17274"}],"wp:featuredmedia":[{"embeddable":true,"href":"http:\/\/www.rincondelbulla.cl\/portal\/wp-json\/wp\/v2\/media\/17273"}],"wp:attachment":[{"href":"http:\/\/www.rincondelbulla.cl\/portal\/wp-json\/wp\/v2\/media?parent=17272"}],"wp:term":[{"taxonomy":"category","embeddable":true,"href":"http:\/\/www.rincondelbulla.cl\/portal\/wp-json\/wp\/v2\/categories?post=17272"},{"taxonomy":"post_tag","embeddable":true,"href":"http:\/\/www.rincondelbulla.cl\/portal\/wp-json\/wp\/v2\/tags?post=17272"}],"curies":[{"name":"wp","href":"https:\/\/api.w.org\/{rel}","templated":true}]}}